{"id":119167,"date":"2023-03-01T10:32:02","date_gmt":"2023-03-01T13:32:02","guid":{"rendered":"https:\/\/vinasfm.com\/noticias\/?p=119167"},"modified":"2023-03-02T08:00:28","modified_gmt":"2023-03-02T11:00:28","slug":"este-miercoles-se-tratara-el-proyecto-de-rodolfo-suarez-para-sanear-osep","status":"publish","type":"post","link":"https:\/\/vinasfm.com\/noticias\/este-miercoles-se-tratara-el-proyecto-de-rodolfo-suarez-para-sanear-osep\/","title":{"rendered":"SE TRAT\u00d3 EL PROYECTO DE RODOLFO SUAREZ PARA SANEAR OSEP"},"content":{"rendered":"<h3>Se espera una sesi\u00f3n agitada, ya que se trata de un proyecto clave para el Gobierno de Mendoza.<\/h3>\n<p>Este mi\u00e9rcoles la\u00a0<strong>Legislatura\u00a0<\/strong>de Mendoza tratar\u00e1 la propuesta que modifica la estructura de financiaci\u00f3n de la\u00a0<strong>Obra Social de Empleados P\u00fablicos<\/strong>\u00a0(<strong>OSEP<\/strong>), un tema clave para el Gobierno provincial.<\/p>\n<p>El plan para sanear la\u00a0<strong>OSEP\u00a0<\/strong>busca aumentar las contribuciones del sector patronal para que pasen del 6% al 7% y establecer un esquema segmentado para los afiliados indirectos con el objetivo de reunir cerca de cinco mil millones de pesos extra al t\u00e9rmino de un a\u00f1o.<\/p>\n<p>El jueves pasado, la comisi\u00f3n de Salud de la C\u00e1mara de Diputados realiz\u00f3\u00a0distintas modificaciones al proyecto que envi\u00f3 Rodolfo Suarez. En concreto, hubo cambios en dos art\u00edculos de la Carta Org\u00e1nica de la obra social.<\/p>\n<p>La iniciativa modifica el art\u00edculo 22 de la Carta Org\u00e1nica de\u00a0<strong>OSEP<\/strong>, relacionado con el aporte mensual al Fondo de Enfermedades Catastr\u00f3ficas. De acuerdo al despacho, ser\u00e1 del 0.75% por hasta 1 afiliado indirecto a cargo; 1.5% por hasta 2 indirectos y del 2.25% por 3 o m\u00e1s afiliados indirectos a cargo.<\/p>\n<p>Por otra parte, en el art\u00edculo 24 se establece una modificaci\u00f3n en el aporte que realiza la parte patronal, que del 6% pasar\u00e1 al 7%.<\/p>\n<p>El texto legislativo incorpor\u00f3 al original otros tres art\u00edculos que disponen por un lado, que semestralmente la\u00a0<strong>OSEP<\/strong>\u00a0deber\u00e1 remitir a los Ministerios de Hacienda y Finanzas y de Salud, Desarrollo Social y Deportes, as\u00ed como a las Comisiones de Salud de ambas C\u00e1maras, un informe con los avances en materia prestacional y presupuestaria relacionado con los alcances de este proyecto.<\/p>\n<p>Asimismo, dispone suspender en el \u00e1mbito de la Obra Social la incorporaci\u00f3n de personal administrativo, salvo en aquellos casos que el ingreso se origine por el reemplazo de bajas, por jubilaci\u00f3n o renuncias, que se encuentren debidamente respaldadas.<\/p>\n<p>Finalmente, propone mejorar los sistemas de control de la conducta prestacional de los profesionales y las instituciones prestadoras de servicios, especialmente en los departamentos alejados, para evitar el cobro indebido de coseguros y asegurar el cumplimiento de los convenios vigentes.<\/p>\n<p>El Gobierno envi\u00f3 el proyecto de saneamiento de la\u00a0<strong>OSEP\u00a0<\/strong>a principios de 2023 y se empezar\u00e1 a tratar este mi\u00e9rcoles.<\/p>\n","protected":false},"excerpt":{"rendered":"<p>Se espera una sesi\u00f3n agitada, ya que se trata de un proyecto clave para el Gobierno de Mendoza. Este mi\u00e9rcoles la\u00a0Legislatura\u00a0de &#8230;<\/p>\n","protected":false},"author":7,"featured_media":119169,"comment_status":"open","ping_status":"open","sticky":false,"template":"","format":"standard","meta":{"footnotes":""},"categories":[1],"tags":[],"class_list":["post-119167","post","type-post","status-publish","format-standard","has-post-thumbnail","hentry","category-fmvinas"],"_links":{"self":[{"href":"https:\/\/vinasfm.com\/noticias\/wp-json\/wp\/v2\/posts\/119167","targetHints":{"allow":["GET"]}}],"collection":[{"href":"https:\/\/vinasfm.com\/noticias\/wp-json\/wp\/v2\/posts"}],"about":[{"href":"https:\/\/vinasfm.com\/noticias\/wp-json\/wp\/v2\/types\/post"}],"author":[{"embeddable":true,"href":"https:\/\/vinasfm.com\/noticias\/wp-json\/wp\/v2\/users\/7"}],"replies":[{"embeddable":true,"href":"https:\/\/vinasfm.com\/noticias\/wp-json\/wp\/v2\/comments?post=119167"}],"version-history":[{"count":3,"href":"https:\/\/vinasfm.com\/noticias\/wp-json\/wp\/v2\/posts\/119167\/revisions"}],"predecessor-version":[{"id":119180,"href":"https:\/\/vinasfm.com\/noticias\/wp-json\/wp\/v2\/posts\/119167\/revisions\/119180"}],"wp:featuredmedia":[{"embeddable":true,"href":"https:\/\/vinasfm.com\/noticias\/wp-json\/wp\/v2\/media\/119169"}],"wp:attachment":[{"href":"https:\/\/vinasfm.com\/noticias\/wp-json\/wp\/v2\/media?parent=119167"}],"wp:term":[{"taxonomy":"category","embeddable":true,"href":"https:\/\/vinasfm.com\/noticias\/wp-json\/wp\/v2\/categories?post=119167"},{"taxonomy":"post_tag","embeddable":true,"href":"https:\/\/vinasfm.com\/noticias\/wp-json\/wp\/v2\/tags?post=119167"}],"curies":[{"name":"wp","href":"https:\/\/api.w.org\/{rel}","templated":true}]}}