{"id":119109,"date":"2023-02-28T11:01:24","date_gmt":"2023-02-28T14:01:24","guid":{"rendered":"https:\/\/vinasfm.com\/noticias\/?p=119109"},"modified":"2023-03-01T09:35:20","modified_gmt":"2023-03-01T12:35:20","slug":"freidemberg-presento-su-precandidatura-a-intendente-de-san-rafael","status":"publish","type":"post","link":"https:\/\/vinasfm.com\/noticias\/freidemberg-presento-su-precandidatura-a-intendente-de-san-rafael\/","title":{"rendered":"FREIDEMBERG PRESENT\u00d3 SU PRECANDIDATURA A INTENDENTE DE SAN RAFAEL"},"content":{"rendered":"<h3>Estuvo acompa\u00f1ado de Alfredo Cornejo y asegur\u00f3 que este es el momento para darle una alternancia pol\u00edtica al departamento presentando un completo plan de gobierno.<\/h3>\n<p>El legislador provincial, Abel Freidemberg, hizo oficial est\u00e1 ma\u00f1ana su lanzamiento como precandidato a intendente del departamento de San Rafael junto a Alfredo Cornejo; de esta manera, se convierte en el \u00fanico precandidato de su espacio pol\u00edtico dentro del Frente Cambia Mendoza.<\/p>\n<p>La cita se dio en Vecchia Terra Multiespacio y cont\u00f3 con la presencia del legislador Adrian Reche y Federico Zamarbide, ex diputado nacional y vicepresidente del Emetur, quienes acordaron sumar voluntades y encolumnarse detr\u00e1s de Freidemberg en b\u00fasqueda de que Cambia Mendoza gan\u00e9 las pr\u00f3ximas elecciones y comande los destinos de uno de los departamentos m\u00e1s importantes del Sur provincial. Adem\u00e1s cont\u00f3 con la participaci\u00f3n de militantes locales y funcionarios del Gobierno provincial.<\/p>\n<p>El anuncio oficial se da d\u00edas despu\u00e9s de que el senador nacional de Juntos por el Cambio (JxC) por Mendoza, Alfredo Cornejo, confirm\u00f3 su precandidatura a gobernador de la provincia y ratific\u00f3 su intenci\u00f3n de participar en las Primarias Abiertas, Simult\u00e1neas y Obligatorias (PASO) de Cambia Mendoza, el espacio que gobierna la provincia.<\/p>\n<p>Durante su discurso, el m\u00e9dico pediatra aprovech\u00f3 para agradecer a los presentes y precis\u00f3: <em><strong>&#8216;Luego de un intenso pero grato recorrido durante mi carrera, que me permiti\u00f3 conocer la esencia de los sanrafaelinos, he decidido que quiero ser Intendente de nuestro querido San Rafael, estoy preparado y listo para serlo&#8217;.<\/strong><\/em><\/p>\n<p><strong><em>&#8216;Ejerc\u00ed como m\u00e9dico pediatra y conoc\u00ed a muchos de ustedes atendi\u00e9ndolos hasta hace poco tiempo cuando emprend\u00ed un nuevo desaf\u00edo. Quiz\u00e1s la intensidad, la entrega, el haber conocido a tanta gente con vocaci\u00f3n de servicio y el logro conjunto de muchos objetivos, me hagan pensar que hace tiempo estoy en pol\u00edtica, pero la verdad es que no. Y menos si comparamos con algunos intendentes y legisladores que hace m\u00e1s de 30 a\u00f1os hacen enroques con diferentes cargos legislativos nacionales y provinciales, e incluso con la intendencia&#8217;<\/em><\/strong>, contin\u00fao su relato Freidemberg para enumerar los motivos que lo han llevado a asumir este desaf\u00edo.<\/p>\n<p>Seguidamente, coment\u00f3: <em><strong>&#8216;En poco tiempo, juntos hemos logrado objetivos so\u00f1ados como el del nuevo Schestakow; mi segunda casa, que con proyectos como el del COIR (Centro Oncol\u00f3gico de Integraci\u00f3n Regional), tambi\u00e9n presentado por mi, seguir\u00e1 creciendo para ser un orgullo en Mendoza; o los modernos centros de salud, como el de Salto de las Rosas, el de la isla del R\u00edo Diamante, equipamiento y tecnolog\u00eda que a pesar de los avances tecnol\u00f3gicos, no exist\u00edan en San Rafael y hoy los tenemos para definitivamente transformar y mejorar la salud de cada vecino&#8217;.<\/strong><\/em><\/p>\n<p>Por \u00faltimo, el sanrafaelino remarc\u00f3: <strong><em>&#8216;Tengo las ganas, la convicci\u00f3n profunda, con una plataforma s\u00f3lida de gobierno, que no es una propuesta electoral solamente, un equipo necesario para afrontar el desaf\u00edo, con el est\u00edmulo de Rody Su\u00e1rez y del apoyo incondicional de Alfredo Cornejo, quien seguramente ser\u00e1 el pr\u00f3ximo Gobernador de Mendoza&#8217;.<\/em><\/strong><\/p>\n<p><strong><em>&#8216;Estoy listo para ser el Intendente de San Rafael, y les propongo, junto a mi equipo de trabajo, devolverles la confianza; necesitamos poder mirarnos de frente y volver a confiar entre nosotros para hacer de San Rafael el mejor lugar para vivir, para producir, para emprender, para educarnos, para disfrutar de sus lugares, pero por sobre todas las cosas, para que nuestros hijos y nietos, tengan m\u00e1s oportunidades y puedan quedarse en este suelo y hacer de San Rafael un lugar \u00fanico<\/em><\/strong>&#8216;, puntualiz\u00f3 el legislador provincial que buscar\u00e0 darle un nuevo aire pol\u00edtico a un departamento comandado desde hace 20 a\u00f1os por los hermanos Felix.<\/p>\n","protected":false},"excerpt":{"rendered":"<p>Estuvo acompa\u00f1ado de Alfredo Cornejo y asegur\u00f3 que este es el momento para darle una alternancia pol\u00edtica al departamento presentando un &#8230;<\/p>\n","protected":false},"author":7,"featured_media":119110,"comment_status":"open","ping_status":"open","sticky":false,"template":"","format":"standard","meta":{"footnotes":""},"categories":[5,10],"tags":[],"class_list":["post-119109","post","type-post","status-publish","format-standard","has-post-thumbnail","hentry","category-actualidad","category-destacadas"],"_links":{"self":[{"href":"https:\/\/vinasfm.com\/noticias\/wp-json\/wp\/v2\/posts\/119109","targetHints":{"allow":["GET"]}}],"collection":[{"href":"https:\/\/vinasfm.com\/noticias\/wp-json\/wp\/v2\/posts"}],"about":[{"href":"https:\/\/vinasfm.com\/noticias\/wp-json\/wp\/v2\/types\/post"}],"author":[{"embeddable":true,"href":"https:\/\/vinasfm.com\/noticias\/wp-json\/wp\/v2\/users\/7"}],"replies":[{"embeddable":true,"href":"https:\/\/vinasfm.com\/noticias\/wp-json\/wp\/v2\/comments?post=119109"}],"version-history":[{"count":1,"href":"https:\/\/vinasfm.com\/noticias\/wp-json\/wp\/v2\/posts\/119109\/revisions"}],"predecessor-version":[{"id":119111,"href":"https:\/\/vinasfm.com\/noticias\/wp-json\/wp\/v2\/posts\/119109\/revisions\/119111"}],"wp:featuredmedia":[{"embeddable":true,"href":"https:\/\/vinasfm.com\/noticias\/wp-json\/wp\/v2\/media\/119110"}],"wp:attachment":[{"href":"https:\/\/vinasfm.com\/noticias\/wp-json\/wp\/v2\/media?parent=119109"}],"wp:term":[{"taxonomy":"category","embeddable":true,"href":"https:\/\/vinasfm.com\/noticias\/wp-json\/wp\/v2\/categories?post=119109"},{"taxonomy":"post_tag","embeddable":true,"href":"https:\/\/vinasfm.com\/noticias\/wp-json\/wp\/v2\/tags?post=119109"}],"curies":[{"name":"wp","href":"https:\/\/api.w.org\/{rel}","templated":true}]}}