{"id":119106,"date":"2023-02-28T10:53:44","date_gmt":"2023-02-28T13:53:44","guid":{"rendered":"https:\/\/vinasfm.com\/noticias\/?p=119106"},"modified":"2023-03-01T08:09:08","modified_gmt":"2023-03-01T11:09:08","slug":"mabel-uccelli-continuara-al-frente-del-concejo-deliberante","status":"publish","type":"post","link":"https:\/\/vinasfm.com\/noticias\/mabel-uccelli-continuara-al-frente-del-concejo-deliberante\/","title":{"rendered":"MABEL UCCELLI CONTINUAR\u00c1 AL FRENTE DEL CONCEJO DELIBERANTE"},"content":{"rendered":"<h3>Tras la Sesi\u00f3n Preparatoria y un cuarto intermedio, se conoci\u00f3 quienes son las nuevas autoridades del Hon\u00f3rale Concejo Deliberante.<\/h3>\n<p>La votaci\u00f3n dio como resultado que Mabel Uccelli, quien estaba al frente del cuerpo, continuar\u00e1 ejerciendo el rol de Presidente.<\/p>\n<p><em><strong>&#8216;Es un gran honor y desafi\u00f3 continuar al frente, desde nuestro bloque siempre se busc\u00f3 el di\u00e1logo y consenso por eso la demora en la votaci\u00f3n. Definitivamente ser\u00e1 un a\u00f1o cargado de actividad pol\u00edtica, tratar\u00e9 de hacerlo de la mejor manera&#8217;<\/strong> <\/em>manifest\u00f3 la edil.<\/p>\n<p>As\u00ed mismo se obtuvo de forma un\u00e1nime a Ariel Andr\u00e9s, del Bloque Frente de Todos, como Vicepresidente 1\u00b0 y con 9 votos a Raquel Yunes del Bloque Encuentro.<\/p>\n<p><a href=\"https:\/\/vinasfm.com\/noticias\/wp-content\/uploads\/2023\/02\/WhatsApp-Image-2023-02-28-at-10.44.38.jpeg\"><img loading=\"lazy\" decoding=\"async\" class=\"alignnone size-full wp-image-119103\" src=\"https:\/\/vinasfm.com\/noticias\/wp-content\/uploads\/2023\/02\/WhatsApp-Image-2023-02-28-at-10.44.38.jpeg\" alt=\"\" width=\"718\" height=\"374\" srcset=\"https:\/\/vinasfm.com\/noticias\/wp-content\/uploads\/2023\/02\/WhatsApp-Image-2023-02-28-at-10.44.38.jpeg 718w, https:\/\/vinasfm.com\/noticias\/wp-content\/uploads\/2023\/02\/WhatsApp-Image-2023-02-28-at-10.44.38-300x156.jpeg 300w\" sizes=\"auto, (max-width: 718px) 100vw, 718px\" \/><\/a><\/p>\n","protected":false},"excerpt":{"rendered":"<p>Tras la Sesi\u00f3n Preparatoria y un cuarto intermedio, se conoci\u00f3 quienes son las nuevas autoridades del Hon\u00f3rale Concejo Deliberante. La votaci\u00f3n &#8230;<\/p>\n","protected":false},"author":7,"featured_media":119108,"comment_status":"open","ping_status":"open","sticky":false,"template":"","format":"standard","meta":{"footnotes":""},"categories":[1],"tags":[],"class_list":["post-119106","post","type-post","status-publish","format-standard","has-post-thumbnail","hentry","category-fmvinas"],"_links":{"self":[{"href":"https:\/\/vinasfm.com\/noticias\/wp-json\/wp\/v2\/posts\/119106","targetHints":{"allow":["GET"]}}],"collection":[{"href":"https:\/\/vinasfm.com\/noticias\/wp-json\/wp\/v2\/posts"}],"about":[{"href":"https:\/\/vinasfm.com\/noticias\/wp-json\/wp\/v2\/types\/post"}],"author":[{"embeddable":true,"href":"https:\/\/vinasfm.com\/noticias\/wp-json\/wp\/v2\/users\/7"}],"replies":[{"embeddable":true,"href":"https:\/\/vinasfm.com\/noticias\/wp-json\/wp\/v2\/comments?post=119106"}],"version-history":[{"count":3,"href":"https:\/\/vinasfm.com\/noticias\/wp-json\/wp\/v2\/posts\/119106\/revisions"}],"predecessor-version":[{"id":119133,"href":"https:\/\/vinasfm.com\/noticias\/wp-json\/wp\/v2\/posts\/119106\/revisions\/119133"}],"wp:featuredmedia":[{"embeddable":true,"href":"https:\/\/vinasfm.com\/noticias\/wp-json\/wp\/v2\/media\/119108"}],"wp:attachment":[{"href":"https:\/\/vinasfm.com\/noticias\/wp-json\/wp\/v2\/media?parent=119106"}],"wp:term":[{"taxonomy":"category","embeddable":true,"href":"https:\/\/vinasfm.com\/noticias\/wp-json\/wp\/v2\/categories?post=119106"},{"taxonomy":"post_tag","embeddable":true,"href":"https:\/\/vinasfm.com\/noticias\/wp-json\/wp\/v2\/tags?post=119106"}],"curies":[{"name":"wp","href":"https:\/\/api.w.org\/{rel}","templated":true}]}}