{"id":119096,"date":"2023-02-28T10:26:56","date_gmt":"2023-02-28T13:26:56","guid":{"rendered":"https:\/\/vinasfm.com\/noticias\/?p=119096"},"modified":"2023-03-01T08:39:40","modified_gmt":"2023-03-01T11:39:40","slug":"alerta-por-granizo-y-tormenta-que-afectara-gran-parte-de-mendoza","status":"publish","type":"post","link":"https:\/\/vinasfm.com\/noticias\/alerta-por-granizo-y-tormenta-que-afectara-gran-parte-de-mendoza\/","title":{"rendered":"ALERTA POR GRANIZO Y TORMENTA QUE AFECTAR\u00c1 GRAN PARTE DE MENDOZA"},"content":{"rendered":"<h3>De acuerdo con el reporte otorgado por el Servicio Meteorol\u00f3gico Nacional, el fen\u00f3meno podr\u00eda registrarse en horas de la tarde-noche.<\/h3>\n<p>Febrero se despide no solo con\u00a0<strong>alerta por temperaturas extremas,\u00a0<\/strong>sino que el\u00a0<strong>Servicio Meteorol\u00f3gico Nacional (SMN)<\/strong> anunci\u00f3 para este martes alerta amarilla por fuertes tormentas que podr\u00edan registrarse en horas de la tarde-noche.<\/p>\n<p>De acuerdo con el reporte, el fen\u00f3meno se presentar\u00eda en gran parte del territorio provincial \u00a0y los departamentos m\u00e1s afectados son: <strong>Capital, Godoy Cruz, Guaymall\u00e9n, Maip\u00fa, Luj\u00e1n de Cuyo, Rivadavia, Jun\u00edn, el Valle de Uco, Santa Rosa, San Mart\u00edn, Lavalle, La Paz, el Este de Las Heras, zona baja de San Rafael y General Alvear.<\/strong><\/p>\n<p>Desde el organismo detallaron que <em><strong>&#8216;el \u00e1rea ser\u00e1 afectada por tormentas, algunas localmente fuertes. Las mismas estar\u00e1n acompa\u00f1adas por intensas r\u00e1fagas, importante actividad el\u00e9ctrica, ocasional ca\u00edda de granizo y abundante ca\u00edda de agua en cortos per\u00edodos&#8217;.<\/strong><\/em><\/p>\n<p><em><strong>&#8216;Se esperan valores de precipitaci\u00f3n acumulada entre 20 y 40 mm, pudiendo ser superados en forma puntual&#8217;<\/strong><\/em>, inform\u00f3 el SMN.<\/p>\n<p>&nbsp;<\/p>\n","protected":false},"excerpt":{"rendered":"<p>De acuerdo con el reporte otorgado por el Servicio Meteorol\u00f3gico Nacional, el fen\u00f3meno podr\u00eda registrarse en horas de la tarde-noche. Febrero &#8230;<\/p>\n","protected":false},"author":7,"featured_media":46442,"comment_status":"open","ping_status":"open","sticky":false,"template":"","format":"standard","meta":{"footnotes":""},"categories":[1],"tags":[],"class_list":["post-119096","post","type-post","status-publish","format-standard","has-post-thumbnail","hentry","category-fmvinas"],"_links":{"self":[{"href":"https:\/\/vinasfm.com\/noticias\/wp-json\/wp\/v2\/posts\/119096","targetHints":{"allow":["GET"]}}],"collection":[{"href":"https:\/\/vinasfm.com\/noticias\/wp-json\/wp\/v2\/posts"}],"about":[{"href":"https:\/\/vinasfm.com\/noticias\/wp-json\/wp\/v2\/types\/post"}],"author":[{"embeddable":true,"href":"https:\/\/vinasfm.com\/noticias\/wp-json\/wp\/v2\/users\/7"}],"replies":[{"embeddable":true,"href":"https:\/\/vinasfm.com\/noticias\/wp-json\/wp\/v2\/comments?post=119096"}],"version-history":[{"count":1,"href":"https:\/\/vinasfm.com\/noticias\/wp-json\/wp\/v2\/posts\/119096\/revisions"}],"predecessor-version":[{"id":119097,"href":"https:\/\/vinasfm.com\/noticias\/wp-json\/wp\/v2\/posts\/119096\/revisions\/119097"}],"wp:featuredmedia":[{"embeddable":true,"href":"https:\/\/vinasfm.com\/noticias\/wp-json\/wp\/v2\/media\/46442"}],"wp:attachment":[{"href":"https:\/\/vinasfm.com\/noticias\/wp-json\/wp\/v2\/media?parent=119096"}],"wp:term":[{"taxonomy":"category","embeddable":true,"href":"https:\/\/vinasfm.com\/noticias\/wp-json\/wp\/v2\/categories?post=119096"},{"taxonomy":"post_tag","embeddable":true,"href":"https:\/\/vinasfm.com\/noticias\/wp-json\/wp\/v2\/tags?post=119096"}],"curies":[{"name":"wp","href":"https:\/\/api.w.org\/{rel}","templated":true}]}}