{"id":119092,"date":"2023-02-28T10:21:25","date_gmt":"2023-02-28T13:21:25","guid":{"rendered":"https:\/\/vinasfm.com\/noticias\/?p=119092"},"modified":"2023-03-01T08:30:40","modified_gmt":"2023-03-01T11:30:40","slug":"elevan-al-senasa-una-propuesta-para-destrabar-el-ingreso-de-citricos","status":"publish","type":"post","link":"https:\/\/vinasfm.com\/noticias\/elevan-al-senasa-una-propuesta-para-destrabar-el-ingreso-de-citricos\/","title":{"rendered":"ELEVAN AL SENASA UNA PROPUESTA PARA DESTRABAR EL INGRESO DE C\u00cdTRICOS"},"content":{"rendered":"<h3 class=\"description-boxed\">Tras una serie de reuniones, entregaron un documento que lleva la firma de autoridades de la cartera econ\u00f3mica provincial, Iscamen, y de los distintos mercados concentradores.<\/h3>\n<p>En la ma\u00f1ana de este lunes,<b>\u00a0desde Mendoza se elev\u00f3 al Senasa una \u00absoluci\u00f3n consensuada\u00bb para destrabar el ingreso de c\u00edtricos a la provincia<\/b>. Desde el Ministerio de Econom\u00eda y Energ\u00eda de la provincia se propiciaron los encuentros necesarios para llegar a la redacci\u00f3n del documento que cont\u00f3 con el visto bueno de autoridades de la cartera econ\u00f3mica local, Iscamen, puesteros y de los mercados concentradores.<\/p>\n<p>Seg\u00fan explic\u00f3 Mariel Vanin, secretaria t\u00e9cnica en Iscamen, la intenci\u00f3n fue encontrar una soluci\u00f3n conjunta a las<b>\u00a0restricciones de entrada de c\u00edtricos<\/b>\u00a0a las \u00e1reas libres que est\u00e1 rigiendo desde diciembre por una resoluci\u00f3n del Senasa. El objetivo: consensuar un plan que involucre a todos los actores y permita un acuerdo con el organismo nacional.<\/p>\n<p><strong><em>&#8216;Presentamos una propuesta consensuada con todos los actores, todos tienen distintos niveles de comercializaci\u00f3n, algunos son puesteros con menos cantidad de comercializaci\u00f3n y otros tienen clientes muy importantes en la Patagonia. Pero, en todos los casos, lo m\u00e1s importante para quienes comercializan es recibir los c\u00edtricos de forma segura&#8217;<\/em><\/strong>, remarc\u00f3 la funcionaria.<\/p>\n<h3>LA RESTRICCI\u00d3N DEL SENASA<\/h3>\n<p><b>Mendoza no es una zona productora de c\u00edtricos y cuando estos llegan se distribuyen desde zonas de destino (\u00e1reas libres) que est\u00e9n en Mendoza o en la Patagonia<\/b>, por eso es importante que se conserve la trazabilidad en cada paso (es decir, que se conozcan datos de procedencia y control de la fruta por cada mano por la que pas\u00f3), a fin de tener todas las garant\u00edas de calidad de la fruta.<\/p>\n<p>Para cumplir con lo anterior y prevenir <em><strong>&#8216;el ingreso de fruta c\u00edtrica hospedante de mosca de los frutos a las \u00e1reas libres&#8217;<\/strong><\/em>, el Senasa dispuso que <strong><em>&#8216;las cargas (&#8230;) certificadas como partidas libres de plaga que ingresen a los oasis Centro y Sur de la provincia de Mendoza y a la Regi\u00f3n Patag\u00f3nica (&#8230;) deben provenir en forma directa de uno de los sitios detallados a continuaci\u00f3n: centro de tratamiento cuarentenario habilitado&#8217;<\/em><\/strong> o<strong><em> &#8216;punto de control fronterizo para fruta fresca c\u00edtrica importada, libre de mosca de los frutos&#8217;.<\/em><\/strong><\/p>\n<p>Desde el sector entienden que\u00a0<strong><em>&#8216;estas medidas son de imposible cumplimiento y es por ello que se ha provocado una situaci\u00f3n de desabastecimiento de productos c\u00edtricos en la provincia. Entendemos que ante esta situaci\u00f3n llegar a un acuerdo en el que se logre conservar todas las medidas de seguridad, al tiempo que se garantice el ingreso de c\u00edtricos&#8217;.<\/em><\/strong><\/p>\n<p>En este sentido, Vanin, cerr\u00f3: <strong><em>&#8216;Las medidas y las propuestas tienen m\u00e1s fuerza cuando todos estamos de acuerdo y cuando los actores est\u00e1n comprometidos con el sistema que presenten y los resultados que se esperan a partir de \u00e9l, es decir, que se conserve la trazabilidad y tener todas las garant\u00edas sobre la calidad de la fruta&#8217;.<\/em><\/strong><\/p>\n<h3>LA PROPUESTA<\/h3>\n<p><em><strong>&#8216;Dado que la provincia de Mendoza no produce c\u00edtricos comercialmente y por lo tanto toda la fruta c\u00edtrica consumida (&#8230;) o distribuida desde alg\u00fan mercado concentrador es introducida previo tratamiento cuarentenario con bromuro de metilo y revisi\u00f3n en las barreras del Iscamen, es factible incorporar la categor\u00eda de Mercado &#8216;Zona Segura&#8217; donde se realice el control&#8217;<\/strong><\/em>, remarca el primer p\u00e1rrafo del documento.<\/p>\n<p>La propuesta incluye a los mercados cooperativos Acceso Este, Guaymall\u00e9n, Godoy Cruz y los centros de distribuci\u00f3n burbuja del SMR Armando Brunetti S.A y Cencosud S.A.<\/p>\n<p><b>La propuesta contempla establecer controles en los mencionados mercados y establecimientos propuestos las 24 horas, durante los 365 d\u00edas del a\u00f1o<\/b>. Adem\u00e1s, se propone que no se permita el ingreso a cualquiera de estos establecimientos de camiones que no dispongan de la documentaci\u00f3n respaldatoria de los tratamientos realizados en los CTC (Centros de Tratamiento Cuarentenario).<\/p>\n<p>Por \u00faltimo, se propuso\u00a0<b>poner a disposici\u00f3n inspectores sanitarios en los puntos de ingreso y egreso de los mercados de concentraci\u00f3n a los efectos de controlar el Documento de Tr\u00e1nsito Vegetal (DTV) de quienes transporten mercader\u00eda<\/b>\u00a0(camioneros\/verduleros). El egreso de la mercader\u00eda sellada por un inspector sanitario permitir\u00e1 el traslado de la mercader\u00eda hacia las \u00e1reas libres de Mendoza y el pa\u00eds.<\/p>\n<p>El documento emitido llev\u00f3 la firma del subsecretario de Agricultura y Ganader\u00eda, Sergio Moralejo, representantes de la asociaci\u00f3n de Puesteros; representantes de la Feria de Guaymall\u00e9n, del mercado Concentrador de Godoy Cruz, Mercado del Acceso Este, Senasa, Iscamen y de la Uni\u00f3n Frutihort\u00edcola Argentina, entre otros.<\/p>\n","protected":false},"excerpt":{"rendered":"<p>Tras una serie de reuniones, entregaron un documento que lleva la firma de autoridades de la cartera econ\u00f3mica provincial, Iscamen, y &#8230;<\/p>\n","protected":false},"author":7,"featured_media":119093,"comment_status":"open","ping_status":"open","sticky":false,"template":"","format":"standard","meta":{"footnotes":""},"categories":[5,10],"tags":[],"class_list":["post-119092","post","type-post","status-publish","format-standard","has-post-thumbnail","hentry","category-actualidad","category-destacadas"],"_links":{"self":[{"href":"https:\/\/vinasfm.com\/noticias\/wp-json\/wp\/v2\/posts\/119092","targetHints":{"allow":["GET"]}}],"collection":[{"href":"https:\/\/vinasfm.com\/noticias\/wp-json\/wp\/v2\/posts"}],"about":[{"href":"https:\/\/vinasfm.com\/noticias\/wp-json\/wp\/v2\/types\/post"}],"author":[{"embeddable":true,"href":"https:\/\/vinasfm.com\/noticias\/wp-json\/wp\/v2\/users\/7"}],"replies":[{"embeddable":true,"href":"https:\/\/vinasfm.com\/noticias\/wp-json\/wp\/v2\/comments?post=119092"}],"version-history":[{"count":1,"href":"https:\/\/vinasfm.com\/noticias\/wp-json\/wp\/v2\/posts\/119092\/revisions"}],"predecessor-version":[{"id":119094,"href":"https:\/\/vinasfm.com\/noticias\/wp-json\/wp\/v2\/posts\/119092\/revisions\/119094"}],"wp:featuredmedia":[{"embeddable":true,"href":"https:\/\/vinasfm.com\/noticias\/wp-json\/wp\/v2\/media\/119093"}],"wp:attachment":[{"href":"https:\/\/vinasfm.com\/noticias\/wp-json\/wp\/v2\/media?parent=119092"}],"wp:term":[{"taxonomy":"category","embeddable":true,"href":"https:\/\/vinasfm.com\/noticias\/wp-json\/wp\/v2\/categories?post=119092"},{"taxonomy":"post_tag","embeddable":true,"href":"https:\/\/vinasfm.com\/noticias\/wp-json\/wp\/v2\/tags?post=119092"}],"curies":[{"name":"wp","href":"https:\/\/api.w.org\/{rel}","templated":true}]}}