{"id":119087,"date":"2023-02-28T10:08:14","date_gmt":"2023-02-28T13:08:14","guid":{"rendered":"https:\/\/vinasfm.com\/noticias\/?p=119087"},"modified":"2023-03-01T10:44:14","modified_gmt":"2023-03-01T13:44:14","slug":"se-cumple-el-sueno-y-el-mercado-concentrado-esta-casi-listo-para-su-funcionamiento","status":"publish","type":"post","link":"https:\/\/vinasfm.com\/noticias\/se-cumple-el-sueno-y-el-mercado-concentrado-esta-casi-listo-para-su-funcionamiento\/","title":{"rendered":"SE CUMPLE EL SUE\u00d1O Y EL MERCADO CONCENTRADOR EST\u00c1 CASI LISTO PARA SU FUNCIONAMIENTO"},"content":{"rendered":"<h3>El d\u00eda de ayer, se realiz\u00f3 la firma de comodatos para quienes formar\u00e1n parte del merCCop.<\/h3>\n<p><strong><em>\u2018Estamos muy contentos de hoy estar convocando para la firma del comodato del Mercado Concentrador, que es muy importante para darle valor a la mercader\u00eda que se produce en nuestro departamento\u2019<\/em><\/strong> expres\u00f3 Edgardo Sampirisi, Secretario de Desarrollo y Promoci\u00f3n Departamental. \u2018<strong><em>La idea es ponerlo en funcionamiento un corto plazo para que sea operativo\u2019.<\/em><\/strong><\/p>\n<p>El estado est\u00e1 trabajando para entrega el inmueble en las mejores condiciones, <strong>\u2018es una inversi\u00f3n muy importante y aunque ya se han realizado algunos trabajos el edificio ha sufrido mucho vandalismo\u2019.<\/strong> Algunos de los trabajos fueron el cierre de per\u00edmetros y el arreglo de portones.<\/p>\n<p>Desde hace un tiempo se est\u00e1 trabajando trabajando por la apertura del Mercado Concentrador, un edificio que es muy necesario. <strong><em>\u2018Estamos muy agradecidos con el S. Intendente que tom\u00f3 la decisi\u00f3n personal y pol\u00edtica de poner el lugar en funcionamiento y entregarlo a una cooperativa de productores que permitir\u00e1 que se trabaje de forma m\u00e1s equitativa\u2019<\/em><\/strong> expres\u00f3 Javier L\u00f3pez.<\/p>\n<p>El comodato se firm\u00f3 ayer en horas de la ma\u00f1ana y por la tarde se comenz\u00f3 a trabajar en las instalaciones internas. <strong><em>\u2018Si Dios quiere, en un tiempo razonable vamos a ofrecer el lugar a la comunidad para que puedan comercializar sus productos\u2019.<\/em><\/strong><\/p>\n<p><strong><em>\u2018La cooperativa est\u00e1 abierta para todos aquellos que quieran ser socios\u2019<\/em><\/strong> detall\u00f3 L\u00f3pez y agreg\u00f3 <strong><em>\u2018los puestos ser\u00e1n parte de la cooperativa, no se van a poder alquilar para todos, \u00a0pero seguramente en alg\u00fan tiempo vamos a tener playas libres y eso nos va a ayudar a que comience a funcionar como Mercado Concentrados\u2019<\/em><\/strong>, y concluy\u00f3 <strong><em>\u2018estamos convencidos y decididos a que funcione\u2019.<\/em><\/strong><\/p>\n<p>En cuanto a los productos que se comercializar\u00e1n, en un principio ser\u00e1 solamente frutas y hortalizas pero se espera que, en un tiempo no mayor a 6 a\u00f1os, sea un mercado en donde se pueda conseguir de todo debido a que la figura del mercado est\u00e1 abierto a que esto suceda.<\/p>\n","protected":false},"excerpt":{"rendered":"<p>El d\u00eda de ayer, se realiz\u00f3 la firma de comodatos para quienes formar\u00e1n parte del merCCop. \u2018Estamos muy contentos de hoy &#8230;<\/p>\n","protected":false},"author":7,"featured_media":119088,"comment_status":"open","ping_status":"open","sticky":false,"template":"","format":"standard","meta":{"footnotes":""},"categories":[5,10],"tags":[],"class_list":["post-119087","post","type-post","status-publish","format-standard","has-post-thumbnail","hentry","category-actualidad","category-destacadas"],"_links":{"self":[{"href":"https:\/\/vinasfm.com\/noticias\/wp-json\/wp\/v2\/posts\/119087","targetHints":{"allow":["GET"]}}],"collection":[{"href":"https:\/\/vinasfm.com\/noticias\/wp-json\/wp\/v2\/posts"}],"about":[{"href":"https:\/\/vinasfm.com\/noticias\/wp-json\/wp\/v2\/types\/post"}],"author":[{"embeddable":true,"href":"https:\/\/vinasfm.com\/noticias\/wp-json\/wp\/v2\/users\/7"}],"replies":[{"embeddable":true,"href":"https:\/\/vinasfm.com\/noticias\/wp-json\/wp\/v2\/comments?post=119087"}],"version-history":[{"count":2,"href":"https:\/\/vinasfm.com\/noticias\/wp-json\/wp\/v2\/posts\/119087\/revisions"}],"predecessor-version":[{"id":119172,"href":"https:\/\/vinasfm.com\/noticias\/wp-json\/wp\/v2\/posts\/119087\/revisions\/119172"}],"wp:featuredmedia":[{"embeddable":true,"href":"https:\/\/vinasfm.com\/noticias\/wp-json\/wp\/v2\/media\/119088"}],"wp:attachment":[{"href":"https:\/\/vinasfm.com\/noticias\/wp-json\/wp\/v2\/media?parent=119087"}],"wp:term":[{"taxonomy":"category","embeddable":true,"href":"https:\/\/vinasfm.com\/noticias\/wp-json\/wp\/v2\/categories?post=119087"},{"taxonomy":"post_tag","embeddable":true,"href":"https:\/\/vinasfm.com\/noticias\/wp-json\/wp\/v2\/tags?post=119087"}],"curies":[{"name":"wp","href":"https:\/\/api.w.org\/{rel}","templated":true}]}}