{"id":119057,"date":"2023-02-27T09:00:26","date_gmt":"2023-02-27T12:00:26","guid":{"rendered":"https:\/\/vinasfm.com\/noticias\/?p=119057"},"modified":"2023-02-28T10:27:46","modified_gmt":"2023-02-28T13:27:46","slug":"pronostico-del-tiempo-en-la-provincia-para-toda-la-semana","status":"publish","type":"post","link":"https:\/\/vinasfm.com\/noticias\/pronostico-del-tiempo-en-la-provincia-para-toda-la-semana\/","title":{"rendered":"PRON\u00d3STICO DEL TIEMPO EN LA PROVINCIA PARA TODA LA SEMANA"},"content":{"rendered":"<h3><strong>La semana que arranca marcar\u00e1 el regreso de los chicos a clases en este 2023 y se terminar\u00e1 febrero para darle paso a marzo, el mes que comienza el oto\u00f1o. El\u00a0pron\u00f3stico del tiempo en Mendoza\u00a0indica un inicio de semana caluroso con una\u00a0nueva onda de calor<\/strong><\/h3>\n<p>Tal como indica el pron\u00f3stico meteorol\u00f3gico, a trav\u00e9s de la p\u00e1gina oficial de\u00a0<em>Contingencias Clim\u00e1ticas<\/em>\u00a0de la provincia, para este\u00a0<strong>lunes 27 de febrero\u00a0<\/strong>se espera un d\u00eda\u00a0<strong>\u00abCaluroso y algo nublado, vientos moderados del sector norte\u00bb<\/strong>. La\u00a0<strong>m\u00e1xima<\/strong>\u00a0ser\u00eda de\u00a0<strong>34\u00b0C<\/strong>\u00a0y la\u00a0<strong>m\u00ednima<\/strong>\u00a0rondar\u00eda los\u00a0<strong>18\u00b0C<\/strong>.<\/p>\n<p>Mientras que en la continuidad de la semana, el pr\u00f3ximo\u00a0<strong>martes 28 de febrero<\/strong>\u00a0se pronostica \u00ab<strong>muy caluroso con nubosidad variable y tormentas aisladas<\/strong>, vientos moderados del noreste\u00bb.\u00a0<strong>M\u00e1xima<\/strong>\u00a0de\u00a0<strong>36\u00baC<\/strong>\u00a0y m\u00ednima de\u00a0<strong>22\u00baC<\/strong>.<\/p>\n<p>Para el\u00a0<strong>mi\u00e9rcoles 1 de marzo<\/strong>, se pronostica \u00ab<strong>nubosidad variable con descenso de la temperatura<\/strong>, vientos del sector sur rotando al noreste\u00bb. La\u00a0<strong>m\u00e1xima<\/strong>\u00a0ser\u00eda de\u00a0<strong>33\u00baC<\/strong>\u00a0y la\u00a0<strong>m\u00ednima<\/strong>\u00a0alcanzar\u00eda los\u00a0<strong>23\u00baC<\/strong>.<\/p>\n<p>Por otro lado, el\u00a0<em>Servicio Meteorol\u00f3gico Nacional<\/em>\u00a0(SMN) pronostica para este\u00a0<strong>lunes\u00a0<\/strong>\u00abdespejado\u00bb por la ma\u00f1ana y \u00abAlgo nublado\u00bb hacia la tarde con vientos del norte. Marca una <strong>m\u00e1xima<\/strong>\u00a0de\u00a0<strong>35\u00b0C<\/strong>\u00a0y una\u00a0<strong>m\u00ednima<\/strong>\u00a0de\u00a0<strong>19\u00b0C<\/strong>.<\/p>\n<p>En tanto que el\u00a0<strong>martes<\/strong>\u00a0la\u00a0<strong>m\u00e1xima ser\u00eda de 36\u00b0C<\/strong>, y la\u00a0<strong>m\u00ednima\u00a0<\/strong>alcanzar\u00eda los\u00a0<strong>21\u00b0C<\/strong>. Se espera una jornada \u00abDespejada\u00bb con vientos del noreste y \u00abTormentas aisladas\u00bb.<\/p>\n<p>El doctor en meteorolog\u00eda\u00a0<strong>Federico Norte<\/strong>, en di\u00e1logo con radio Nihuil, dijo que \u00abH<strong>ay onda nueva de calor que se va a iniciar el lunes 27<\/strong>\u00a0con m\u00ednimas que siempre van a estar arriba de los 20 o 22 grados y\u00a0<strong>m\u00e1ximas entre 35 y 36 grados<\/strong>\u00ab.<\/p>\n<p>Y agreg\u00f3: \u00abEsta nueva onda de calor se va a extender, posiblemente,\u00a0<strong>hasta el domingo 5 de marzo<\/strong>\u00ab.<\/p>\n<p>&nbsp;<\/p>\n<p>&nbsp;<\/p>\n","protected":false},"excerpt":{"rendered":"<p>La semana que arranca marcar\u00e1 el regreso de los chicos a clases en este 2023 y se terminar\u00e1 febrero para darle &#8230;<\/p>\n","protected":false},"author":7,"featured_media":29013,"comment_status":"open","ping_status":"open","sticky":false,"template":"","format":"standard","meta":{"footnotes":""},"categories":[5,36],"tags":[],"class_list":["post-119057","post","type-post","status-publish","format-standard","has-post-thumbnail","hentry","category-actualidad","category-pronostico"],"_links":{"self":[{"href":"https:\/\/vinasfm.com\/noticias\/wp-json\/wp\/v2\/posts\/119057","targetHints":{"allow":["GET"]}}],"collection":[{"href":"https:\/\/vinasfm.com\/noticias\/wp-json\/wp\/v2\/posts"}],"about":[{"href":"https:\/\/vinasfm.com\/noticias\/wp-json\/wp\/v2\/types\/post"}],"author":[{"embeddable":true,"href":"https:\/\/vinasfm.com\/noticias\/wp-json\/wp\/v2\/users\/7"}],"replies":[{"embeddable":true,"href":"https:\/\/vinasfm.com\/noticias\/wp-json\/wp\/v2\/comments?post=119057"}],"version-history":[{"count":2,"href":"https:\/\/vinasfm.com\/noticias\/wp-json\/wp\/v2\/posts\/119057\/revisions"}],"predecessor-version":[{"id":119098,"href":"https:\/\/vinasfm.com\/noticias\/wp-json\/wp\/v2\/posts\/119057\/revisions\/119098"}],"wp:featuredmedia":[{"embeddable":true,"href":"https:\/\/vinasfm.com\/noticias\/wp-json\/wp\/v2\/media\/29013"}],"wp:attachment":[{"href":"https:\/\/vinasfm.com\/noticias\/wp-json\/wp\/v2\/media?parent=119057"}],"wp:term":[{"taxonomy":"category","embeddable":true,"href":"https:\/\/vinasfm.com\/noticias\/wp-json\/wp\/v2\/categories?post=119057"},{"taxonomy":"post_tag","embeddable":true,"href":"https:\/\/vinasfm.com\/noticias\/wp-json\/wp\/v2\/tags?post=119057"}],"curies":[{"name":"wp","href":"https:\/\/api.w.org\/{rel}","templated":true}]}}