{"id":119050,"date":"2023-02-27T08:36:22","date_gmt":"2023-02-27T11:36:22","guid":{"rendered":"https:\/\/vinasfm.com\/noticias\/?p=119050"},"modified":"2023-02-27T10:14:54","modified_gmt":"2023-02-27T13:14:54","slug":"mabel-uccelli-sobre-las-elecciones-de-autoridades-del-hcd-me-voy-de-una-gestion-muy-satisfecha-ha-sido-un-gran-ano-de-aprendizaje","status":"publish","type":"post","link":"https:\/\/vinasfm.com\/noticias\/mabel-uccelli-sobre-las-elecciones-de-autoridades-del-hcd-me-voy-de-una-gestion-muy-satisfecha-ha-sido-un-gran-ano-de-aprendizaje\/","title":{"rendered":"MABEL UCCELLI SOBRE LAS ELECCIONES DE AUTORIDADES DEL HCD: &#8216;ME VOY DE UNA GESTI\u00d3N MUY SATISFECHA, HA SIDO UN GRAN A\u00d1O DE APRENDIZAJE&#8217;"},"content":{"rendered":"<h3><strong><em>Esta semana el Honorable Concejo Deliberante celebrar\u00e1 una Sesi\u00f3n Preparatoria en donde se elegir\u00e1n las autoridades para el Per\u00edodo legislativo 2023-2024.<\/em><\/strong><\/h3>\n<p>En una oportunidad anterior Mabel Uccelli, quien hasta el momento preside el HCD, manifest\u00f3 que<em><strong> &#8216;lo m\u00e1s sano es mantener el dialogo pero pueden haber sorpresas\u2019.\u00a0<\/strong><\/em>En una nueva ocasi\u00f3n reafirm\u00f3 esa idea, <strong><em>&#8216;Nadie hasta \u00faltimo momento tiene su voto cantado siempre se agotan las instancias, se dialoga y la decisi\u00f3n final se ve en la sesi\u00f3n\u00a0<\/em><\/strong><strong><em>cuando la iniciemos y se propongan los candidatos para poder estar en la conducci\u00f3n a la presidencia para el ejercicio 2023&#8242;. <\/em><\/strong>La Sesi\u00f3n ocurrir\u00e1 este lunes a las 10:30 hs. en el Sal\u00f3n San Mart\u00edn del Honorable cuerpo.<\/p>\n<p>Ante la inc\u00f3gnita de quienes ser\u00e1n los posibles candidatos expres\u00f3, <em><b>&#8216;tanto Alejandra Torti como yo tenemos intenciones y ganas de estar, desde mi lado seguir hasta que se cumpla mi mandato y por parte de ella de cumplir un segundo mandato&#8217;. <\/b><\/em>Sin embargo hasta el momento Uccelli sigue siendo quien est\u00e9 al frente del cuerpo,<em><b> &#8216;me voy<\/b><\/em><b> <\/b><em><strong>de una gesti\u00f3n muy satisfecha, ha sido un gran a\u00f1o de aprendizaje. No es lo mismo estar en el bloque que estar en la conducci\u00f3n, todo lo que me plantee en primer momento se logr\u00f3, aunque no fue f\u00e1cil, es muy dif\u00edcil en un \u00e1mbito donde todos tenemos diferentes personalidades e ideolog\u00edas pol\u00edticas a pesar de eso se trabaj\u00f3 en conjunto donde se vio un concejo ordenado&#8217;.<\/strong><\/em><\/p>\n<p>Durante la sesi\u00f3n en donde se trat\u00f3 el presupuesto anual, fue el Concejal Adri\u00e1n Caltabiano quien decidi\u00f3 apartarse del Frente Cambia Mendoza. <em><strong>&#8216;Yo creo que son decisiones pol\u00edticas&#8217;<\/strong><\/em> especul\u00f3 la Presidente del HCD y agreg\u00f3 <strong><em>&#8216;nosotros en ning\u00fan momento incitamos a que esto sucediera, siempre se trat\u00f3 de que estuviera en armon\u00eda, pero son decisiones personales y de un grupo que tomo la decisi\u00f3n de apartarse y es respetable&#8217;.<\/em><\/strong><\/p>\n<p>Antes de finalizar, Mabel Uccelli asegur\u00f3, <em><strong>&#8216;estamos preparados todo el tiempo, nosotros como todo grupo que pertenece al radicalismo hemos estado trabajando y siempre se espera el momento oportuno para hablar&#8217;.<\/strong><\/em><\/p>\n<h6>L. Lucero.<\/h6>\n","protected":false},"excerpt":{"rendered":"<p>Esta semana el Honorable Concejo Deliberante celebrar\u00e1 una Sesi\u00f3n Preparatoria en donde se elegir\u00e1n las autoridades para el Per\u00edodo legislativo 2023-2024. &#8230;<\/p>\n","protected":false},"author":7,"featured_media":119051,"comment_status":"open","ping_status":"open","sticky":false,"template":"","format":"standard","meta":{"footnotes":""},"categories":[1],"tags":[],"class_list":["post-119050","post","type-post","status-publish","format-standard","has-post-thumbnail","hentry","category-fmvinas"],"_links":{"self":[{"href":"https:\/\/vinasfm.com\/noticias\/wp-json\/wp\/v2\/posts\/119050","targetHints":{"allow":["GET"]}}],"collection":[{"href":"https:\/\/vinasfm.com\/noticias\/wp-json\/wp\/v2\/posts"}],"about":[{"href":"https:\/\/vinasfm.com\/noticias\/wp-json\/wp\/v2\/types\/post"}],"author":[{"embeddable":true,"href":"https:\/\/vinasfm.com\/noticias\/wp-json\/wp\/v2\/users\/7"}],"replies":[{"embeddable":true,"href":"https:\/\/vinasfm.com\/noticias\/wp-json\/wp\/v2\/comments?post=119050"}],"version-history":[{"count":3,"href":"https:\/\/vinasfm.com\/noticias\/wp-json\/wp\/v2\/posts\/119050\/revisions"}],"predecessor-version":[{"id":119077,"href":"https:\/\/vinasfm.com\/noticias\/wp-json\/wp\/v2\/posts\/119050\/revisions\/119077"}],"wp:featuredmedia":[{"embeddable":true,"href":"https:\/\/vinasfm.com\/noticias\/wp-json\/wp\/v2\/media\/119051"}],"wp:attachment":[{"href":"https:\/\/vinasfm.com\/noticias\/wp-json\/wp\/v2\/media?parent=119050"}],"wp:term":[{"taxonomy":"category","embeddable":true,"href":"https:\/\/vinasfm.com\/noticias\/wp-json\/wp\/v2\/categories?post=119050"},{"taxonomy":"post_tag","embeddable":true,"href":"https:\/\/vinasfm.com\/noticias\/wp-json\/wp\/v2\/tags?post=119050"}],"curies":[{"name":"wp","href":"https:\/\/api.w.org\/{rel}","templated":true}]}}