{"id":119045,"date":"2023-02-26T23:11:44","date_gmt":"2023-02-27T02:11:44","guid":{"rendered":"https:\/\/vinasfm.com\/noticias\/?p=119045"},"modified":"2023-02-28T09:18:10","modified_gmt":"2023-02-28T12:18:10","slug":"jorge-difonso-sobre-su-salida-del-frente-oficialista-no-tiene-sentido-coexistir-en-el-mismo-frente","status":"publish","type":"post","link":"https:\/\/vinasfm.com\/noticias\/jorge-difonso-sobre-su-salida-del-frente-oficialista-no-tiene-sentido-coexistir-en-el-mismo-frente\/","title":{"rendered":"JORGE DIFONSO SOBRE SU SALIDA DEL FRENTE OFICIALISTA: &#8216;NO TIENE SENTIDO COEXISTIR EN EL MISMO FRENTE&#8217;"},"content":{"rendered":"<h3>En el medio de la pol\u00e9mica por la salida del diputado del frente oficialista, Jorge Difonso afirm\u00f3 a F.M VI\u00d1AS que su relaci\u00f3n con el gobierno radical, y espec\u00edficamente con Su\u00e1rez, ya estaba rota desde el comienzo de su mandato.<\/h3>\n<p>El pasado mi\u00e9rcoles la Convenci\u00f3n Provincial de Uni\u00f3n Popular se reuni\u00f3 y decidi\u00f3 constituir un frente mendocino distinto a Cambia Mendoza,<strong><em> &#8216;esto es la consecuencia de varios meses y a\u00f1os en donde tenemos distinta visi\u00f3n que el Gobierno Provincial, principalmente con el radicalismo que ha monopolizado al gobierno&#8217; <\/em><\/strong>declar\u00f3 el diputado y agreg\u00f3 <strong><em>&#8216;esto no ha pasado solo con nuestra agrupaci\u00f3n, en su momento sucedi\u00f3 con el Partido Dem\u00f3crata y tambi\u00e9n con la Coalici\u00f3n C\u00edvica&#8217;.<\/em><\/strong><\/p>\n<p>En\u00a0 este contexto explic\u00f3:<strong><em> &#8216;Con nos0tros la relaci\u00f3n se complic\u00f3 en 2019 cuando el pueblo tuvo que marchar a la ciudad capital porque promovieron la reforma de la Ley 7722, a partir de ah\u00ed la relaci\u00f3n qued\u00f3 en un punto muerto. Despu\u00e9s lleg\u00f3 la pandemia, nosotros acompa\u00f1amos al gobierno en utilizar las herramientas que ameritaba la situaci\u00f3n pero, posteriormente, la agenda que estableci\u00f3 el radicalismo volvi\u00f3 sobre el tema minero, el mal manejo del agua y las reformas tarifarias&#8217;.<\/em><\/strong>\u00a0Ante esta situaci\u00f3n que los descoloc\u00f3, Difonso admite que <strong><em>&#8216;las propuestas se ca\u00edan, no ten\u00edamos respuestas. Intentamos realizar planteos que cosech\u00e1bamos en el interior de la provincia pero hubo una centralizaci\u00f3n de decisiones olvidando partes del interior de Mendoza&#8217;.<\/em><\/strong><\/p>\n<p>Es por esto que en la reuni\u00f3n del pasado mi\u00e9rcoles se resolvi\u00f3<strong><em> &#8216;participar en la pr\u00f3xima elecci\u00f3n como sello propio, permitiendo la admisi\u00f3n de extra partidarios e independientes, o bien constituir un frente 100% mendocino&#8217;.<\/em><\/strong> A partir de esta decisi\u00f3n se contar\u00e1 con la habilitaci\u00f3n legal, <strong><em>&#8216;creo que hay espacios que van a estar proclives a conversar y fijar una prioridad en la provincia&#8217;.<\/em><\/strong><strong>\u00a0<\/strong><\/p>\n<p>El hartazgo del pueblo se hizo o\u00edr. Y\u00a0 es que ante la evidente necesidad de pol\u00edticos de figurar en los medios y sin dar respuesta alguna, el enojo de los ciudadanos que reclaman una reacci\u00f3n favorable no tard\u00f3 en llegar.<em><b> &#8216;Las peleas y la grieta no le han hecho bien a Mendoza y eso se vio reflejado en la reuni\u00f3n de la Uni\u00f3n Popular&#8217;<\/b><\/em> comenta Difonso quien afirm\u00f3 que <strong><em>&#8216;la grieta puede ayudar a posicionar uno u otro dirigente pero\u00a0 la soluci\u00f3n no llega&#8217;.\u00a0<\/em><\/strong><\/p>\n<h3><strong>EL DETONANTE DE LA SEPARACI\u00d3N<\/strong><\/h3>\n<p>Dos de los temas que el diputado afirma fueron detonantes en su \u00abenemistad\u00bb con el radicalismo fueron Cerro Amarillo y OSEP. <strong><em>&#8216;Nosotros planteamos que en Cerro Amarillo se han incumplido una serie de normativas que tienen que ver con la Leyes de Glaciares y de Ambiente, se ha pasado por encima los controles legales que tienden a priorizar el cuidado del ambiente, principalmente del agua&#8217;.\u00a0<\/em><\/strong><\/p>\n<p>En cuanto a la Obra Social de los Empleados P\u00fablicos dijo, <strong><em>&#8216;evidentemente hay incumplimiento en las funciones y la \u00fanica soluci\u00f3n que plantea el gobierno es aumentar la cuota a los aportantes. No podemos acompa\u00f1ar esta decisi\u00f3n&#8217;.<\/em><\/strong><\/p>\n<p>Antes de concluir, Jorge Difonso remat\u00f3 diciendo: <strong><em>&#8216;Cuando ya hay m\u00e1s diferencias que coincidencias no tiene sentido coexistir en el mismo frente&#8217;.\u00a0<\/em><\/strong><\/p>\n<h6>G. Vallejos.<\/h6>\n","protected":false},"excerpt":{"rendered":"<p>En el medio de la pol\u00e9mica por la salida del diputado del frente oficialista, Jorge Difonso afirm\u00f3 a F.M VI\u00d1AS que &#8230;<\/p>\n","protected":false},"author":7,"featured_media":119047,"comment_status":"open","ping_status":"open","sticky":false,"template":"","format":"standard","meta":{"footnotes":""},"categories":[5,7],"tags":[],"class_list":["post-119045","post","type-post","status-publish","format-standard","has-post-thumbnail","hentry","category-actualidad","category-politica"],"_links":{"self":[{"href":"https:\/\/vinasfm.com\/noticias\/wp-json\/wp\/v2\/posts\/119045","targetHints":{"allow":["GET"]}}],"collection":[{"href":"https:\/\/vinasfm.com\/noticias\/wp-json\/wp\/v2\/posts"}],"about":[{"href":"https:\/\/vinasfm.com\/noticias\/wp-json\/wp\/v2\/types\/post"}],"author":[{"embeddable":true,"href":"https:\/\/vinasfm.com\/noticias\/wp-json\/wp\/v2\/users\/7"}],"replies":[{"embeddable":true,"href":"https:\/\/vinasfm.com\/noticias\/wp-json\/wp\/v2\/comments?post=119045"}],"version-history":[{"count":2,"href":"https:\/\/vinasfm.com\/noticias\/wp-json\/wp\/v2\/posts\/119045\/revisions"}],"predecessor-version":[{"id":119048,"href":"https:\/\/vinasfm.com\/noticias\/wp-json\/wp\/v2\/posts\/119045\/revisions\/119048"}],"wp:featuredmedia":[{"embeddable":true,"href":"https:\/\/vinasfm.com\/noticias\/wp-json\/wp\/v2\/media\/119047"}],"wp:attachment":[{"href":"https:\/\/vinasfm.com\/noticias\/wp-json\/wp\/v2\/media?parent=119045"}],"wp:term":[{"taxonomy":"category","embeddable":true,"href":"https:\/\/vinasfm.com\/noticias\/wp-json\/wp\/v2\/categories?post=119045"},{"taxonomy":"post_tag","embeddable":true,"href":"https:\/\/vinasfm.com\/noticias\/wp-json\/wp\/v2\/tags?post=119045"}],"curies":[{"name":"wp","href":"https:\/\/api.w.org\/{rel}","templated":true}]}}