{"id":118877,"date":"2023-02-25T13:20:03","date_gmt":"2023-02-25T16:20:03","guid":{"rendered":"https:\/\/vinasfm.com\/noticias\/?p=118877"},"modified":"2023-02-27T08:04:37","modified_gmt":"2023-02-27T11:04:37","slug":"agenda-cultural","status":"publish","type":"post","link":"https:\/\/vinasfm.com\/noticias\/agenda-cultural\/","title":{"rendered":"AGENDA CULTURAL"},"content":{"rendered":"<p>Este fin de semana el Cine Teatro Antonio Lafalla cuenta con pel\u00edculas para los m\u00e1s peques \u00ab<strong>Las Momias\u00bb<\/strong> y <strong>\u00abAntman and the Wasp: Quantumania\u00bb<\/strong> para toda la familia.<\/p>\n<p><a href=\"https:\/\/vinasfm.com\/noticias\/wp-content\/uploads\/2023\/02\/IMG-20230222-WA0001.jpg\"><img loading=\"lazy\" decoding=\"async\" class=\"alignnone wp-image-118879\" src=\"https:\/\/vinasfm.com\/noticias\/wp-content\/uploads\/2023\/02\/IMG-20230222-WA0001.jpg\" alt=\"\" width=\"600\" height=\"635\" srcset=\"https:\/\/vinasfm.com\/noticias\/wp-content\/uploads\/2023\/02\/IMG-20230222-WA0001.jpg 1513w, https:\/\/vinasfm.com\/noticias\/wp-content\/uploads\/2023\/02\/IMG-20230222-WA0001-284x300.jpg 284w, https:\/\/vinasfm.com\/noticias\/wp-content\/uploads\/2023\/02\/IMG-20230222-WA0001-968x1024.jpg 968w, https:\/\/vinasfm.com\/noticias\/wp-content\/uploads\/2023\/02\/IMG-20230222-WA0001-768x812.jpg 768w, https:\/\/vinasfm.com\/noticias\/wp-content\/uploads\/2023\/02\/IMG-20230222-WA0001-1452x1536.jpg 1452w\" sizes=\"auto, (max-width: 600px) 100vw, 600px\" \/><\/a><\/p>\n<p>Adem\u00e1s, este domingo tendremos la \u00faltima <strong>\u00abPeatonal del Arte y el Vino\u00bb<\/strong> de la temporada, en la Avenida Alvear Oeste, que contar\u00e1 con la presentaci\u00f3n de Alberto Ortiz, Paola Martinez, Juampi Ca\u00f1ada y Marcelo Soloa de la banda <strong>\u00abVela Lugosi\u00bb.<em> &#8216;Va a ser un domingo divino como los anteriores, donde la gente termina bailando en las calles hasta tarde&#8217;<\/em> <\/strong>expres\u00f3 la Directora de Cultura Liana Piedrafita y agreg\u00f3 <strong><em>&#8216;hemos tenido un verano hermoso con muchas fiestas&#8217;.<\/em><\/strong><\/p>\n<p>Pero adem\u00e1s, la agenda cultural no solo se limita solo a General Alvear; pues desde el pasado jueves 23 y hasta el pr\u00f3ximo 30 de abril la exposici\u00f3n <strong>MAGA<\/strong> formar\u00e1 parte del <strong>Museo Provincial de Bellas Artes Emiliano Gui\u00f1az\u00fa &#8211; Casa Fader.<\/strong><\/p>\n<p><a href=\"https:\/\/vinasfm.com\/noticias\/wp-content\/uploads\/2023\/02\/IMG-20230223-WA00021.jpg\"><img loading=\"lazy\" decoding=\"async\" class=\"alignnone wp-image-118880\" src=\"https:\/\/vinasfm.com\/noticias\/wp-content\/uploads\/2023\/02\/IMG-20230223-WA00021.jpg\" alt=\"\" width=\"600\" height=\"600\" srcset=\"https:\/\/vinasfm.com\/noticias\/wp-content\/uploads\/2023\/02\/IMG-20230223-WA00021.jpg 1600w, https:\/\/vinasfm.com\/noticias\/wp-content\/uploads\/2023\/02\/IMG-20230223-WA00021-300x300.jpg 300w, https:\/\/vinasfm.com\/noticias\/wp-content\/uploads\/2023\/02\/IMG-20230223-WA00021-1024x1024.jpg 1024w, https:\/\/vinasfm.com\/noticias\/wp-content\/uploads\/2023\/02\/IMG-20230223-WA00021-150x150.jpg 150w, https:\/\/vinasfm.com\/noticias\/wp-content\/uploads\/2023\/02\/IMG-20230223-WA00021-768x768.jpg 768w, https:\/\/vinasfm.com\/noticias\/wp-content\/uploads\/2023\/02\/IMG-20230223-WA00021-1536x1536.jpg 1536w, https:\/\/vinasfm.com\/noticias\/wp-content\/uploads\/2023\/02\/IMG-20230223-WA00021-360x360.jpg 360w, https:\/\/vinasfm.com\/noticias\/wp-content\/uploads\/2023\/02\/IMG-20230223-WA00021-750x750.jpg 750w\" sizes=\"auto, (max-width: 600px) 100vw, 600px\" \/><\/a><\/p>\n","protected":false},"excerpt":{"rendered":"<p>Este fin de semana el Cine Teatro Antonio Lafalla cuenta con pel\u00edculas para los m\u00e1s peques \u00abLas Momias\u00bb y \u00abAntman and &#8230;<\/p>\n","protected":false},"author":7,"featured_media":0,"comment_status":"open","ping_status":"open","sticky":false,"template":"","format":"standard","meta":{"footnotes":""},"categories":[1],"tags":[],"class_list":["post-118877","post","type-post","status-publish","format-standard","hentry","category-fmvinas"],"_links":{"self":[{"href":"https:\/\/vinasfm.com\/noticias\/wp-json\/wp\/v2\/posts\/118877","targetHints":{"allow":["GET"]}}],"collection":[{"href":"https:\/\/vinasfm.com\/noticias\/wp-json\/wp\/v2\/posts"}],"about":[{"href":"https:\/\/vinasfm.com\/noticias\/wp-json\/wp\/v2\/types\/post"}],"author":[{"embeddable":true,"href":"https:\/\/vinasfm.com\/noticias\/wp-json\/wp\/v2\/users\/7"}],"replies":[{"embeddable":true,"href":"https:\/\/vinasfm.com\/noticias\/wp-json\/wp\/v2\/comments?post=118877"}],"version-history":[{"count":1,"href":"https:\/\/vinasfm.com\/noticias\/wp-json\/wp\/v2\/posts\/118877\/revisions"}],"predecessor-version":[{"id":118881,"href":"https:\/\/vinasfm.com\/noticias\/wp-json\/wp\/v2\/posts\/118877\/revisions\/118881"}],"wp:attachment":[{"href":"https:\/\/vinasfm.com\/noticias\/wp-json\/wp\/v2\/media?parent=118877"}],"wp:term":[{"taxonomy":"category","embeddable":true,"href":"https:\/\/vinasfm.com\/noticias\/wp-json\/wp\/v2\/categories?post=118877"},{"taxonomy":"post_tag","embeddable":true,"href":"https:\/\/vinasfm.com\/noticias\/wp-json\/wp\/v2\/tags?post=118877"}],"curies":[{"name":"wp","href":"https:\/\/api.w.org\/{rel}","templated":true}]}}