{"id":118860,"date":"2023-02-24T11:13:50","date_gmt":"2023-02-24T14:13:50","guid":{"rendered":"https:\/\/vinasfm.com\/noticias\/?p=118860"},"modified":"2023-02-27T09:26:20","modified_gmt":"2023-02-27T12:26:20","slug":"defensa-civil-emitio-una-alerta-por-viento-con-efecto-zonda-y-tormentas-con-granizo","status":"publish","type":"post","link":"https:\/\/vinasfm.com\/noticias\/defensa-civil-emitio-una-alerta-por-viento-con-efecto-zonda-y-tormentas-con-granizo\/","title":{"rendered":"DEFENSA CIVIL EMITI\u00d3 UNA ALERTA POR VIENTO CON EFECTO ZONDA Y TORMENTAS CON GRANIZO"},"content":{"rendered":"<p><strong>Desde el organismo provincial alertaron por la ocurrencia de r\u00e1fagas de viento con efecto Zonda y tormentas con granizo en Mendoza.<\/strong><\/p>\n<p>El\u00a0pron\u00f3stico emitido por el\u00a0<strong>Servicio Nacional Meteorol\u00f3gico (<a href=\"https:\/\/www.smn.gob.ar\/\" target=\"_blank\" rel=\"noopener\">SNM<\/a>)<\/strong>\u00a0para este viernes\u00a0indica leve ascenso de la temperatura y vientos moderados del noreste. Durante toda la jornada se registrar\u00e1 nubosidad variable y hay probabilidad de viento Zonda y formaci\u00f3n de tormentas con granizo en algunos departamentos. Desde el organismo nacional y\u00a0Defensa\u00a0Civil\u00a0de Mendoza emitieron una\u00a0<strong>alerta\u00a0<\/strong>amarilla debido a\u00a0la intensidad que podr\u00edan tener los fen\u00f3menos que afectar\u00e1n una parte del territorio provincial.<\/p>\n<p><a href=\"https:\/\/vinasfm.com\/noticias\/wp-content\/uploads\/2023\/02\/9c9233dc-d688-411c-9979-14300b8c40aa.jpg\"><img loading=\"lazy\" decoding=\"async\" class=\"wp-image-118861 aligncenter\" src=\"https:\/\/vinasfm.com\/noticias\/wp-content\/uploads\/2023\/02\/9c9233dc-d688-411c-9979-14300b8c40aa.jpg\" alt=\"\" width=\"600\" height=\"604\" srcset=\"https:\/\/vinasfm.com\/noticias\/wp-content\/uploads\/2023\/02\/9c9233dc-d688-411c-9979-14300b8c40aa.jpg 720w, https:\/\/vinasfm.com\/noticias\/wp-content\/uploads\/2023\/02\/9c9233dc-d688-411c-9979-14300b8c40aa-298x300.jpg 298w, https:\/\/vinasfm.com\/noticias\/wp-content\/uploads\/2023\/02\/9c9233dc-d688-411c-9979-14300b8c40aa-150x150.jpg 150w\" sizes=\"auto, (max-width: 600px) 100vw, 600px\" \/><\/a><\/p>\n<p>El comunicado de Defensa Civil expresa: <strong><em>&#8216;Para todo el territorio provincial, durante la ma\u00f1ana y hasta aproximadamente las 16:00 horas, circulaci\u00f3n de leve brisa desde el sector Norte con aporte de humedad. A partir de las 16:00 horas y en el departamento de Malarg\u00fce, posible circulaci\u00f3n de viento Oeste con efecto Zonda de intensidad leve a moderada<\/em><\/strong>&#8216; y agrega: <strong><em>&#8216;Durante la tarde-noche y en toda la provincia, circulaci\u00f3n de vientos divergentes producto del ingreso de un frente fr\u00edo d\u00e9bil de caracter\u00edsticas leves&#8217;.\u00a0<\/em><\/strong><\/p>\n<h2>Detalle de las tormentas pronosticadas<\/h2>\n<p><strong><em>&#8216;Durante la tarde-noche hay probabilidad de formaci\u00f3n de tormentas moderadas a intensas para todo el territorio provincial mientras que en la Zona Este y Sur no se descarta ca\u00edda de granizo&#8217;<\/em><\/strong>, destaca el comunicado oficial.<\/p>\n<p>A partir de las 16 horas es posible la formaci\u00f3n de n\u00facleos convectivos que afectar\u00edan a toda la provincia, comenzando en simult\u00e1neo al Oeste de San Rafael, Oeste de Uspallata, Potrerillos y Oeste de Luj\u00e1n. Luego muy lentamente los n\u00facleos al Oeste de Gran Mendoza (pre cordillera), se desplazar\u00edan hacia el Este, alcanzando las zonas bajas de Luj\u00e1n de Cuyo y sectores del llano del Gran Mendoza.<\/p>\n<aside class=\"htmlinline\">\n<div id=\"div-gpt-ad-entreparrafos(1)\" data-google-query-id=\"CLa_-tGorv0CFfFPuAQd0QABqQ\">En relaci\u00f3n al sur de la provincia de Mendoza, desde Defensa Civil expresaron que<strong><em> &#8216;los n\u00facleos de zona Sur, inicialmente ser\u00edan d\u00e9biles a moderados en el Oeste de San Rafael (precauci\u00f3n en zonas tur\u00edsticas de Los Reyunos y Valle Grande). Luego se extender\u00edan hacia el Este, sobre San Rafael y General Alvear. Cerca de las 20 horas, se espera la mayor actividad convectiva, en zona Sur. Con tormentas de mayor intensidad. Donde las tormentas se extender\u00edan hasta cerca de la medianoche&#8217;.\u00a0<\/em><\/strong><\/div>\n<\/aside>\n<p>&nbsp;<\/p>\n<p>Para el Valle de Uco, las formaciones iniciales en los sectores Oeste, se ir\u00edan desplazando al Este durante la tarde, cubriendo las zonas m\u00e1s bajas. Con precipitaciones moderadas de lluvias. Entrada la noche, las tormentas se extender\u00edan tambi\u00e9n, hacia zona Este y Gran Mendoza. Las tormentas perdurar\u00edan incluso durante la madrugada en el caso de zona Este.<\/p>\n<p><em><strong>&#8216;En todo el territorio, se esperan mayormente, lluvias moderadas a intensas, sin embargo no se descarta la posibilidad de ca\u00edda de granizo. Los modelos indican para la fecha, mayor probabilidad de ca\u00edda de granizo sobre San Rafael, zona Este y Lavalle&#8217;<\/strong><\/em>, finaliza el comunicado oficial.<\/p>\n","protected":false},"excerpt":{"rendered":"<p>Desde el organismo provincial alertaron por la ocurrencia de r\u00e1fagas de viento con efecto Zonda y tormentas con granizo en Mendoza. &#8230;<\/p>\n","protected":false},"author":7,"featured_media":12551,"comment_status":"closed","ping_status":"closed","sticky":false,"template":"","format":"standard","meta":{"footnotes":""},"categories":[1],"tags":[],"class_list":["post-118860","post","type-post","status-publish","format-standard","has-post-thumbnail","hentry","category-fmvinas"],"_links":{"self":[{"href":"https:\/\/vinasfm.com\/noticias\/wp-json\/wp\/v2\/posts\/118860","targetHints":{"allow":["GET"]}}],"collection":[{"href":"https:\/\/vinasfm.com\/noticias\/wp-json\/wp\/v2\/posts"}],"about":[{"href":"https:\/\/vinasfm.com\/noticias\/wp-json\/wp\/v2\/types\/post"}],"author":[{"embeddable":true,"href":"https:\/\/vinasfm.com\/noticias\/wp-json\/wp\/v2\/users\/7"}],"replies":[{"embeddable":true,"href":"https:\/\/vinasfm.com\/noticias\/wp-json\/wp\/v2\/comments?post=118860"}],"version-history":[{"count":3,"href":"https:\/\/vinasfm.com\/noticias\/wp-json\/wp\/v2\/posts\/118860\/revisions"}],"predecessor-version":[{"id":118883,"href":"https:\/\/vinasfm.com\/noticias\/wp-json\/wp\/v2\/posts\/118860\/revisions\/118883"}],"wp:featuredmedia":[{"embeddable":true,"href":"https:\/\/vinasfm.com\/noticias\/wp-json\/wp\/v2\/media\/12551"}],"wp:attachment":[{"href":"https:\/\/vinasfm.com\/noticias\/wp-json\/wp\/v2\/media?parent=118860"}],"wp:term":[{"taxonomy":"category","embeddable":true,"href":"https:\/\/vinasfm.com\/noticias\/wp-json\/wp\/v2\/categories?post=118860"},{"taxonomy":"post_tag","embeddable":true,"href":"https:\/\/vinasfm.com\/noticias\/wp-json\/wp\/v2\/tags?post=118860"}],"curies":[{"name":"wp","href":"https:\/\/api.w.org\/{rel}","templated":true}]}}