{"id":118857,"date":"2023-02-24T10:54:53","date_gmt":"2023-02-24T13:54:53","guid":{"rendered":"https:\/\/vinasfm.com\/noticias\/?p=118857"},"modified":"2023-02-27T09:35:17","modified_gmt":"2023-02-27T12:35:17","slug":"abastecimientos-citricos-representantes-de-los-mercados-concentradores-camara-de-fumigacion-en-iscamen-avanzan-en-una-propuesta-a-sensa","status":"publish","type":"post","link":"https:\/\/vinasfm.com\/noticias\/abastecimientos-citricos-representantes-de-los-mercados-concentradores-camara-de-fumigacion-en-iscamen-avanzan-en-una-propuesta-a-sensa\/","title":{"rendered":"ABASTECIMIENTOS C\u00cdTRICOS: REPRESENTANTES DE LOS MERCADOS CONCENTRADORES, C\u00c1MARA DE FUMIGACI\u00d3N EN ISCAMEN AVANZAN EN UNA PROPUESTA A SENSA"},"content":{"rendered":"<h3 dir=\"auto\">Debido a que una serie de medidas nacionales relativas a la comercializaci\u00f3n de c\u00edtricos, tanto en Mendoza como Patagonia, han generado tensiones entre quienes comercializan y redistribuyen c\u00edtricos; en la sede del Instituto de Sanidad y Calidad Agropecuaria Mendoza \u2013ISCAMEN- se reunieron representantes de los centros de tratamientos cuarentenarios, de los mercados concentradores y t\u00e9cnicos de ISCAMEN con el prop\u00f3sito de trabajar una propuesta consensuada para elevar al organismo nacional.<\/h3>\n<div dir=\"auto\"><\/div>\n<div dir=\"auto\">Se busca generar una propuesta articulada entre los diferentes actores involucrados que destrabe la situaci\u00f3n garantizando la seguridad y trazabilidad de la fruta que ingresa a las \u00e1reas libres de mosca del Mediterr\u00e1neo tanto de Mendoza como de Patagonia, pero que no excluya a los mercados concentradores y los intermediarios en la comercializaci\u00f3n de c\u00edtricos.<\/div>\n<div dir=\"auto\"><\/div>\n<div dir=\"auto\">Si bien la resoluci\u00f3n nacional ha pretendido proteger las \u00e1reas reconocidas como libres de moscas de los frutos, las c\u00e1maras que realizan tratamientos cuarentenarios tanto a c\u00edtricos como a otros productos hospederos de moscas de los frutos que ingresan a la provincia y Patagonia, han dejado de trabajar como forma de protesta ante lo que consideran requisitos de imposible cumplimiento lo que ha provocado inconvenientes en el abastecimiento de estos productos.<\/div>\n<div dir=\"auto\"><\/div>\n<div dir=\"auto\">En la reuni\u00f3n se decidi\u00f3 elevar una propuesta a Senasa, en la cual, las partes reunidas apoyan la idea de implementar herramientas y procedimientos de forma r\u00e1pida y de manera inmediata, pero sin entorpecer la trazabilidad de la fruta ni complicar el trabajo de quienes las comercializan.<\/div>\n<div dir=\"auto\">Se espera llegar a un acuerdo en el que se conserven todas las medidas de seguridad al tiempo que se garantizce el ingreso de c\u00edtricos a la provincia.<\/div>\n","protected":false},"excerpt":{"rendered":"<p>Debido a que una serie de medidas nacionales relativas a la comercializaci\u00f3n de c\u00edtricos, tanto en Mendoza como Patagonia, han generado &#8230;<\/p>\n","protected":false},"author":7,"featured_media":118858,"comment_status":"closed","ping_status":"closed","sticky":false,"template":"","format":"standard","meta":{"footnotes":""},"categories":[5,14],"tags":[],"class_list":["post-118857","post","type-post","status-publish","format-standard","has-post-thumbnail","hentry","category-actualidad","category-agro"],"_links":{"self":[{"href":"https:\/\/vinasfm.com\/noticias\/wp-json\/wp\/v2\/posts\/118857","targetHints":{"allow":["GET"]}}],"collection":[{"href":"https:\/\/vinasfm.com\/noticias\/wp-json\/wp\/v2\/posts"}],"about":[{"href":"https:\/\/vinasfm.com\/noticias\/wp-json\/wp\/v2\/types\/post"}],"author":[{"embeddable":true,"href":"https:\/\/vinasfm.com\/noticias\/wp-json\/wp\/v2\/users\/7"}],"replies":[{"embeddable":true,"href":"https:\/\/vinasfm.com\/noticias\/wp-json\/wp\/v2\/comments?post=118857"}],"version-history":[{"count":1,"href":"https:\/\/vinasfm.com\/noticias\/wp-json\/wp\/v2\/posts\/118857\/revisions"}],"predecessor-version":[{"id":118859,"href":"https:\/\/vinasfm.com\/noticias\/wp-json\/wp\/v2\/posts\/118857\/revisions\/118859"}],"wp:featuredmedia":[{"embeddable":true,"href":"https:\/\/vinasfm.com\/noticias\/wp-json\/wp\/v2\/media\/118858"}],"wp:attachment":[{"href":"https:\/\/vinasfm.com\/noticias\/wp-json\/wp\/v2\/media?parent=118857"}],"wp:term":[{"taxonomy":"category","embeddable":true,"href":"https:\/\/vinasfm.com\/noticias\/wp-json\/wp\/v2\/categories?post=118857"},{"taxonomy":"post_tag","embeddable":true,"href":"https:\/\/vinasfm.com\/noticias\/wp-json\/wp\/v2\/tags?post=118857"}],"curies":[{"name":"wp","href":"https:\/\/api.w.org\/{rel}","templated":true}]}}