{"id":118853,"date":"2023-02-24T10:47:14","date_gmt":"2023-02-24T13:47:14","guid":{"rendered":"https:\/\/vinasfm.com\/noticias\/?p=118853"},"modified":"2023-02-27T09:00:22","modified_gmt":"2023-02-27T12:00:22","slug":"sesion-preparatoria-el-hcd-renovara-sus-autoridades","status":"publish","type":"post","link":"https:\/\/vinasfm.com\/noticias\/sesion-preparatoria-el-hcd-renovara-sus-autoridades\/","title":{"rendered":"SESI\u00d3N PREPARATORIA, EL HCD RENOVAR\u00c1 SUS AUTORIDADES"},"content":{"rendered":"<p><strong>El pr\u00f3ximo lunes 27 de febrero, el <a href=\"https:\/\/hcdalvear.org\/\" target=\"_blank\" rel=\"noopener\">Honorable Concejo Deliberante<\/a> llevar\u00e1 adelanta la Sesi\u00f3n Preparatoria, como es habitual cada a\u00f1o, en donde se renuevan las autoridades tanto de presidencia como vicepresidencia primera y segunda.<\/strong><\/p>\n<p>Mabel Uccelli, quien preside actualmente el <a href=\"https:\/\/hcdalvear.org\/autoridades-hcd\/\" target=\"_blank\" rel=\"noopener\">HCD<\/a> manifest\u00f3 que dentro del bloque que conforma ya hay candidatos, pese a que las conversaciones comenzaron hace algunos d\u00edas, y que cuenta con la posibilidad de continuar en la presidencia.<\/p>\n<p><strong><em>&#8216;Se est\u00e1 buscando mantener la instituci\u00f3n con la representaci\u00f3n de todos los partidos pol\u00edticos y que pueda estar distribuido de una manera justa y equilibrada&#8217;<\/em><\/strong> expres\u00f3 Uccelli y agreg\u00f3<em><strong> &#8216;creemos que va a salir todo bien y ser\u00e1 lo mejor para el departamento&#8217;.\u00a0<\/strong><\/em><\/p>\n<p>Antes de concluir, la Concejal manifest\u00f3 que <em><strong>&#8216;lo m\u00e1s sano es mantener el dialogo pero pueden haber sorpresas&#8217;.\u00a0<\/strong><\/em><\/p>\n<p>&nbsp;<\/p>\n","protected":false},"excerpt":{"rendered":"<p>El pr\u00f3ximo lunes 27 de febrero, el Honorable Concejo Deliberante llevar\u00e1 adelanta la Sesi\u00f3n Preparatoria, como es habitual cada a\u00f1o, en &#8230;<\/p>\n","protected":false},"author":7,"featured_media":118855,"comment_status":"closed","ping_status":"closed","sticky":false,"template":"","format":"standard","meta":{"footnotes":""},"categories":[5,10],"tags":[],"class_list":["post-118853","post","type-post","status-publish","format-standard","has-post-thumbnail","hentry","category-actualidad","category-destacadas"],"_links":{"self":[{"href":"https:\/\/vinasfm.com\/noticias\/wp-json\/wp\/v2\/posts\/118853","targetHints":{"allow":["GET"]}}],"collection":[{"href":"https:\/\/vinasfm.com\/noticias\/wp-json\/wp\/v2\/posts"}],"about":[{"href":"https:\/\/vinasfm.com\/noticias\/wp-json\/wp\/v2\/types\/post"}],"author":[{"embeddable":true,"href":"https:\/\/vinasfm.com\/noticias\/wp-json\/wp\/v2\/users\/7"}],"replies":[{"embeddable":true,"href":"https:\/\/vinasfm.com\/noticias\/wp-json\/wp\/v2\/comments?post=118853"}],"version-history":[{"count":4,"href":"https:\/\/vinasfm.com\/noticias\/wp-json\/wp\/v2\/posts\/118853\/revisions"}],"predecessor-version":[{"id":118866,"href":"https:\/\/vinasfm.com\/noticias\/wp-json\/wp\/v2\/posts\/118853\/revisions\/118866"}],"wp:featuredmedia":[{"embeddable":true,"href":"https:\/\/vinasfm.com\/noticias\/wp-json\/wp\/v2\/media\/118855"}],"wp:attachment":[{"href":"https:\/\/vinasfm.com\/noticias\/wp-json\/wp\/v2\/media?parent=118853"}],"wp:term":[{"taxonomy":"category","embeddable":true,"href":"https:\/\/vinasfm.com\/noticias\/wp-json\/wp\/v2\/categories?post=118853"},{"taxonomy":"post_tag","embeddable":true,"href":"https:\/\/vinasfm.com\/noticias\/wp-json\/wp\/v2\/tags?post=118853"}],"curies":[{"name":"wp","href":"https:\/\/api.w.org\/{rel}","templated":true}]}}