{"id":118848,"date":"2023-02-24T10:01:06","date_gmt":"2023-02-24T13:01:06","guid":{"rendered":"https:\/\/vinasfm.com\/noticias\/?p=118848"},"modified":"2023-02-26T23:27:13","modified_gmt":"2023-02-27T02:27:13","slug":"el-pro-de-mendoza-tambien-denuncio-al-inai-por-las-tierras-a-mapuches","status":"publish","type":"post","link":"https:\/\/vinasfm.com\/noticias\/el-pro-de-mendoza-tambien-denuncio-al-inai-por-las-tierras-a-mapuches\/","title":{"rendered":"EL PRO DE MENDOZA TAMBI\u00c9N DENUNCI\u00d3 AL INAI POR LAS TIERRAS A MAPUCHES"},"content":{"rendered":"<h3>La denuncia fue presentada esta tarde ante la C\u00e1mara Nacional de Apelaciones en lo Criminal y Correccional Federal de la Ciudad de Buenos Aires, con la firma de los diputados nacionales del PRO, Omar De Marchi y \u00c1lvaro Mart\u00ednez; el Presidente del Bloque PRO en la C\u00e1mara de Diputados de Mendoza, Gustavo Cairo y el Presidente del Bloque en el Senado provincial, Rolando Baldasso y el patrocinio letrado del Dr. Federico \u00c1balos, reconocido abogado penalista.<\/h3>\n<p>Los referentes del PRO sostienen que <strong><em>&#8216;el Presidente del Instituto Nacional de Asuntos Ind\u00edgenas, Alejandro Marmoni, incurri\u00f3 en los delitos de Abuso de autoridad, tipificado en el art 248 del C\u00f3digo Penal y por firmar resoluciones contrarias a la ley y la Constituci\u00f3n&#8217;.<\/em><\/strong><\/p>\n<p>La acci\u00f3n judicial realizada durante esta tarde de jueves, complementa el proyecto de declaraci\u00f3n que present\u00f3, el pasado 1 de febrero en la Legislatura de Mendoza, el diputado Gustavo Cairo.<\/p>\n<p>En dicho proyecto, Cairo solicit\u00f3 a la C\u00e1mara de Diputados de la provincia que declarase que el pueblo mapuche no es originario del territorio provincial y que por ello, ninguna comunidad de ese origen puede invocar derechos ancestrales en Mendoza.<\/p>\n<p>Recordemos que entre los meses de enero y febrero de 2023, Alejandro Marmoni, titular del INAI, dict\u00f3 tres resoluciones reconociendo territorios a tres comunidades mapuches en la provincia de Mendoza por un total de casi 26 mil hect\u00e1reas.<\/p>\n","protected":false},"excerpt":{"rendered":"<p>La denuncia fue presentada esta tarde ante la C\u00e1mara Nacional de Apelaciones en lo Criminal y Correccional Federal de la Ciudad &#8230;<\/p>\n","protected":false},"author":7,"featured_media":118850,"comment_status":"closed","ping_status":"closed","sticky":false,"template":"","format":"standard","meta":{"footnotes":""},"categories":[5,10],"tags":[],"class_list":["post-118848","post","type-post","status-publish","format-standard","has-post-thumbnail","hentry","category-actualidad","category-destacadas"],"_links":{"self":[{"href":"https:\/\/vinasfm.com\/noticias\/wp-json\/wp\/v2\/posts\/118848","targetHints":{"allow":["GET"]}}],"collection":[{"href":"https:\/\/vinasfm.com\/noticias\/wp-json\/wp\/v2\/posts"}],"about":[{"href":"https:\/\/vinasfm.com\/noticias\/wp-json\/wp\/v2\/types\/post"}],"author":[{"embeddable":true,"href":"https:\/\/vinasfm.com\/noticias\/wp-json\/wp\/v2\/users\/7"}],"replies":[{"embeddable":true,"href":"https:\/\/vinasfm.com\/noticias\/wp-json\/wp\/v2\/comments?post=118848"}],"version-history":[{"count":2,"href":"https:\/\/vinasfm.com\/noticias\/wp-json\/wp\/v2\/posts\/118848\/revisions"}],"predecessor-version":[{"id":118851,"href":"https:\/\/vinasfm.com\/noticias\/wp-json\/wp\/v2\/posts\/118848\/revisions\/118851"}],"wp:featuredmedia":[{"embeddable":true,"href":"https:\/\/vinasfm.com\/noticias\/wp-json\/wp\/v2\/media\/118850"}],"wp:attachment":[{"href":"https:\/\/vinasfm.com\/noticias\/wp-json\/wp\/v2\/media?parent=118848"}],"wp:term":[{"taxonomy":"category","embeddable":true,"href":"https:\/\/vinasfm.com\/noticias\/wp-json\/wp\/v2\/categories?post=118848"},{"taxonomy":"post_tag","embeddable":true,"href":"https:\/\/vinasfm.com\/noticias\/wp-json\/wp\/v2\/tags?post=118848"}],"curies":[{"name":"wp","href":"https:\/\/api.w.org\/{rel}","templated":true}]}}