{"id":118823,"date":"2023-02-24T08:11:52","date_gmt":"2023-02-24T11:11:52","guid":{"rendered":"https:\/\/vinasfm.com\/noticias\/?p=118823"},"modified":"2023-02-27T08:37:10","modified_gmt":"2023-02-27T11:37:10","slug":"asumio-el-nuevo-jefe-de-la-policia-departamental-de-general-alvear","status":"publish","type":"post","link":"https:\/\/vinasfm.com\/noticias\/asumio-el-nuevo-jefe-de-la-policia-departamental-de-general-alvear\/","title":{"rendered":"ASUMI\u00d3 EL NUEVO JEFE DE LA POLIC\u00cdA DEPARTAMENTAL DE GENERAL ALVEAR"},"content":{"rendered":"<h3>Por la ma\u00f1ana de ayer, frente a la Comisar\u00eda 14 asumi\u00f3 el nuevo Comisario Iv\u00e1n Berm\u00fadez. Estuvo presente el Jefe de la Distrital Sur II Miguel S\u00e1nchez, el Secretario de Gobierno Mariano Varela y el Coordinador del Consejo de Seguridad V\u00edctor Ureta.<\/h3>\n<p>El Comisario Miguel S\u00e1nchez explic\u00f3 que, por disposici\u00f3n del Ministerio de Seguridad, la jefatura departamental de General Alvear pas\u00f3 al mando del Comisario Iv\u00e1n Berm\u00fadez, quien era jefe de Polic\u00eda Vial zona Sur.<\/p>\n<p><a href=\"https:\/\/vinasfm.com\/noticias\/wp-content\/uploads\/2023\/02\/Nuevo-Jefe-Departamental-Policia-Alvear-1-scaled.jpg\"><img loading=\"lazy\" decoding=\"async\" class=\"wp-image-118825 aligncenter\" src=\"https:\/\/vinasfm.com\/noticias\/wp-content\/uploads\/2023\/02\/Nuevo-Jefe-Departamental-Policia-Alvear-1-scaled.jpg\" alt=\"\" width=\"600\" height=\"400\" srcset=\"https:\/\/vinasfm.com\/noticias\/wp-content\/uploads\/2023\/02\/Nuevo-Jefe-Departamental-Policia-Alvear-1-scaled.jpg 2560w, https:\/\/vinasfm.com\/noticias\/wp-content\/uploads\/2023\/02\/Nuevo-Jefe-Departamental-Policia-Alvear-1-300x200.jpg 300w, https:\/\/vinasfm.com\/noticias\/wp-content\/uploads\/2023\/02\/Nuevo-Jefe-Departamental-Policia-Alvear-1-1024x684.jpg 1024w, https:\/\/vinasfm.com\/noticias\/wp-content\/uploads\/2023\/02\/Nuevo-Jefe-Departamental-Policia-Alvear-1-768x513.jpg 768w, https:\/\/vinasfm.com\/noticias\/wp-content\/uploads\/2023\/02\/Nuevo-Jefe-Departamental-Policia-Alvear-1-1536x1025.jpg 1536w, https:\/\/vinasfm.com\/noticias\/wp-content\/uploads\/2023\/02\/Nuevo-Jefe-Departamental-Policia-Alvear-1-2048x1367.jpg 2048w\" sizes=\"auto, (max-width: 600px) 100vw, 600px\" \/><\/a><\/p>\n<p><em><strong>&#8216;Agradezco el trabajo realizado por el Subcomisario Jos\u00e9 Gonz\u00e1lez, quien estuvo a cargo de la Polic\u00eda Departamental y va a pasar a cumplir funciones en la Comisar\u00eda octava de San Rafael. A cargo de la Comisar\u00eda 14 estar\u00e1 el Subcomisario Juan Sobarzo, que viene de prestar servicios en la Comisar\u00eda 42 de San Rafael. El Subcomisario Jos\u00e9 L\u00f3pez fue trasladado a la Comisar\u00eda 64 de Monte Com\u00e1n. Adem\u00e1s, a partir de marzo, habr\u00e1 un nombramiento de 32 cadetes, del curso realizado en General Alvear, y de 34 cadetes que realizaron el curso en San Rafael, con el objetivo de dejar la mayor cantidad posible dentro de la Distrital Sur&#8217;.<\/strong><\/em><\/p>\n<p><a href=\"https:\/\/vinasfm.com\/noticias\/wp-content\/uploads\/2023\/02\/Nuevo-Jefe-Departamental-Policia-Alvear-5-scaled.jpg\"><img loading=\"lazy\" decoding=\"async\" class=\"wp-image-118826 aligncenter\" src=\"https:\/\/vinasfm.com\/noticias\/wp-content\/uploads\/2023\/02\/Nuevo-Jefe-Departamental-Policia-Alvear-5-scaled.jpg\" alt=\"\" width=\"600\" height=\"400\" srcset=\"https:\/\/vinasfm.com\/noticias\/wp-content\/uploads\/2023\/02\/Nuevo-Jefe-Departamental-Policia-Alvear-5-scaled.jpg 2560w, https:\/\/vinasfm.com\/noticias\/wp-content\/uploads\/2023\/02\/Nuevo-Jefe-Departamental-Policia-Alvear-5-300x200.jpg 300w, https:\/\/vinasfm.com\/noticias\/wp-content\/uploads\/2023\/02\/Nuevo-Jefe-Departamental-Policia-Alvear-5-1024x684.jpg 1024w, https:\/\/vinasfm.com\/noticias\/wp-content\/uploads\/2023\/02\/Nuevo-Jefe-Departamental-Policia-Alvear-5-768x513.jpg 768w, https:\/\/vinasfm.com\/noticias\/wp-content\/uploads\/2023\/02\/Nuevo-Jefe-Departamental-Policia-Alvear-5-1536x1025.jpg 1536w, https:\/\/vinasfm.com\/noticias\/wp-content\/uploads\/2023\/02\/Nuevo-Jefe-Departamental-Policia-Alvear-5-2048x1367.jpg 2048w\" sizes=\"auto, (max-width: 600px) 100vw, 600px\" \/><\/a><\/p>\n<p>Por su parte, el Comisario Iv\u00e1n Berm\u00fadez expres\u00f3:<strong><em> &#8216;vengo a continuar el buen trabajo del Jefe departamental saliente, estoy conociendo y asent\u00e1ndome. Por razones de la jefatura de la Polic\u00eda Vial de zona Sur he viajado varias veces al Departamento, conozco bastante, por ello, estoy actualiz\u00e1ndome con las novedades recibida por parte de los titulares de las dependencias. Las expectativas son las mejores, venir a trabajar y brindar seguridad a la ciudadan\u00eda&#8217;.<\/em><\/strong><\/p>\n","protected":false},"excerpt":{"rendered":"<p>Por la ma\u00f1ana de ayer, frente a la Comisar\u00eda 14 asumi\u00f3 el nuevo Comisario Iv\u00e1n Berm\u00fadez. Estuvo presente el Jefe de &#8230;<\/p>\n","protected":false},"author":7,"featured_media":118824,"comment_status":"closed","ping_status":"closed","sticky":false,"template":"","format":"standard","meta":{"footnotes":""},"categories":[5,10],"tags":[],"class_list":["post-118823","post","type-post","status-publish","format-standard","has-post-thumbnail","hentry","category-actualidad","category-destacadas"],"_links":{"self":[{"href":"https:\/\/vinasfm.com\/noticias\/wp-json\/wp\/v2\/posts\/118823","targetHints":{"allow":["GET"]}}],"collection":[{"href":"https:\/\/vinasfm.com\/noticias\/wp-json\/wp\/v2\/posts"}],"about":[{"href":"https:\/\/vinasfm.com\/noticias\/wp-json\/wp\/v2\/types\/post"}],"author":[{"embeddable":true,"href":"https:\/\/vinasfm.com\/noticias\/wp-json\/wp\/v2\/users\/7"}],"replies":[{"embeddable":true,"href":"https:\/\/vinasfm.com\/noticias\/wp-json\/wp\/v2\/comments?post=118823"}],"version-history":[{"count":1,"href":"https:\/\/vinasfm.com\/noticias\/wp-json\/wp\/v2\/posts\/118823\/revisions"}],"predecessor-version":[{"id":118827,"href":"https:\/\/vinasfm.com\/noticias\/wp-json\/wp\/v2\/posts\/118823\/revisions\/118827"}],"wp:featuredmedia":[{"embeddable":true,"href":"https:\/\/vinasfm.com\/noticias\/wp-json\/wp\/v2\/media\/118824"}],"wp:attachment":[{"href":"https:\/\/vinasfm.com\/noticias\/wp-json\/wp\/v2\/media?parent=118823"}],"wp:term":[{"taxonomy":"category","embeddable":true,"href":"https:\/\/vinasfm.com\/noticias\/wp-json\/wp\/v2\/categories?post=118823"},{"taxonomy":"post_tag","embeddable":true,"href":"https:\/\/vinasfm.com\/noticias\/wp-json\/wp\/v2\/tags?post=118823"}],"curies":[{"name":"wp","href":"https:\/\/api.w.org\/{rel}","templated":true}]}}