{"id":118785,"date":"2023-02-23T08:56:25","date_gmt":"2023-02-23T11:56:25","guid":{"rendered":"https:\/\/vinasfm.com\/noticias\/?p=118785"},"modified":"2023-02-24T19:21:10","modified_gmt":"2023-02-24T22:21:10","slug":"general-alvear-dijo-presente-en-la-vendimia-federal","status":"publish","type":"post","link":"https:\/\/vinasfm.com\/noticias\/general-alvear-dijo-presente-en-la-vendimia-federal\/","title":{"rendered":"GENERAL ALVEAR DIJO PRESENTE EN LA VENDIMIA FEDERAL"},"content":{"rendered":"<h3><strong>Se sigue viviendo la semana de Vendimia Federal donde nuestro departamento General Alvear deslumbr\u00f3 a todos los presentes con su puesta en escena\u00a0<\/strong><\/h3>\n<p>As\u00ed lo detallo la Directora de Cultura de nuestra comuna, Liana Piedrafita: <em><strong>&#8216;Fue bastante complejo sintetizar una fiesta de una hora y media en 35 minutos pero gracias al director y todos los artistas se pudo lograr. Una alegr\u00eda por toda la energ\u00eda que le agregan los artistas en este caso fueron solo 25 artistas incluido el locutor y la reina&#8217;\u00a0<\/strong><\/em><\/p>\n<p><em><strong>&#8216;Quiero contarles que fue complejo sintetizar la fiesta que tuvo tantas escenas diversas pero tratamos de elegir las que de alg\u00fan modo representaban al municipio, desde todo punto de vista sentimos que hemos cumplido y estamos muy contentos con todo lo que dieron los artistas y dem\u00e1s&#8217;<\/strong><\/em><\/p>\n<p><a href=\"https:\/\/vinasfm.com\/noticias\/wp-content\/uploads\/2023\/02\/332229520_1148489112506813_2827371861800860115_n.jpg\"><img loading=\"lazy\" decoding=\"async\" class=\"wp-image-118788 aligncenter\" src=\"https:\/\/vinasfm.com\/noticias\/wp-content\/uploads\/2023\/02\/332229520_1148489112506813_2827371861800860115_n.jpg\" alt=\"\" width=\"462\" height=\"308\" srcset=\"https:\/\/vinasfm.com\/noticias\/wp-content\/uploads\/2023\/02\/332229520_1148489112506813_2827371861800860115_n.jpg 640w, https:\/\/vinasfm.com\/noticias\/wp-content\/uploads\/2023\/02\/332229520_1148489112506813_2827371861800860115_n-300x200.jpg 300w\" sizes=\"auto, (max-width: 462px) 100vw, 462px\" \/><\/a><\/p>\n<p>Del mismo modo tambi\u00e9n tuvimos la palabra de la Directora de Turismo departamental, Fabiana Gonz\u00e1lez:<em><strong> &#8216;Una noche maravillosa donde General Alvear deslumbro en el escenario junto con la entrada y las palabras de la reina, una puesta en escena que realmente el publico aplaudi\u00f3, estamos acompa\u00f1ados de productores gastron\u00f3micos del departamento, con una oportunidad de hablar con la gente, esta semana federal te permite hablar con los turistas y mendocinos para contarles que tiene Alvear y porque tienen que visitarlos&#8217;<\/strong><\/em><\/p>\n<p><a href=\"https:\/\/vinasfm.com\/noticias\/wp-content\/uploads\/2023\/02\/332674017_574257681300139_4584791779696046857_n.jpg\"><img loading=\"lazy\" decoding=\"async\" class=\"wp-image-118789 aligncenter\" src=\"https:\/\/vinasfm.com\/noticias\/wp-content\/uploads\/2023\/02\/332674017_574257681300139_4584791779696046857_n.jpg\" alt=\"\" width=\"565\" height=\"377\" srcset=\"https:\/\/vinasfm.com\/noticias\/wp-content\/uploads\/2023\/02\/332674017_574257681300139_4584791779696046857_n.jpg 640w, https:\/\/vinasfm.com\/noticias\/wp-content\/uploads\/2023\/02\/332674017_574257681300139_4584791779696046857_n-300x200.jpg 300w\" sizes=\"auto, (max-width: 565px) 100vw, 565px\" \/><\/a><\/p>\n<p>Y luego llego ella, quien nos representara el pr\u00f3ximo 4 de marzo en el Frank Romero Day en la titulada \u00abJuglares de Vendimia\u00bb con una gran entrada y conmoviendo con sus palabras, esto dije nuestra Reina Departamental, Luisina Rigoldi:<em><strong> &#8216;Una agenda apretada con muchas actividades, estamos promoviendo a todo el departamento con todo lo que tenemos en esta Vendimia Federal que comenz\u00f3 el pasado 19 y finaliza ma\u00f1ana viernes 24, con muchas sensaciones ahora estamos tranquilos pero a medida que pasan los d\u00edas se sienten los nervios ya que es una de las fiestas mas grandes que tenemos, el mensaje para todos los alvearenses es que nos sigan acompa\u00f1ando&#8217;<\/strong><\/em><\/p>\n<p><a href=\"https:\/\/vinasfm.com\/noticias\/wp-content\/uploads\/2023\/02\/332157990_736739501233303_4520289249933303467_n.jpg\"><img loading=\"lazy\" decoding=\"async\" class=\"wp-image-118790 aligncenter\" src=\"https:\/\/vinasfm.com\/noticias\/wp-content\/uploads\/2023\/02\/332157990_736739501233303_4520289249933303467_n.jpg\" alt=\"\" width=\"488\" height=\"332\" srcset=\"https:\/\/vinasfm.com\/noticias\/wp-content\/uploads\/2023\/02\/332157990_736739501233303_4520289249933303467_n.jpg 640w, https:\/\/vinasfm.com\/noticias\/wp-content\/uploads\/2023\/02\/332157990_736739501233303_4520289249933303467_n-300x204.jpg 300w\" sizes=\"auto, (max-width: 488px) 100vw, 488px\" \/><\/a><\/p>\n<p>&nbsp;<\/p>\n","protected":false},"excerpt":{"rendered":"<p>Se sigue viviendo la semana de Vendimia Federal donde nuestro departamento General Alvear deslumbr\u00f3 a todos los presentes con su puesta &#8230;<\/p>\n","protected":false},"author":7,"featured_media":118786,"comment_status":"closed","ping_status":"closed","sticky":false,"template":"","format":"standard","meta":{"footnotes":""},"categories":[5,25],"tags":[],"class_list":["post-118785","post","type-post","status-publish","format-standard","has-post-thumbnail","hentry","category-actualidad","category-vendimia"],"_links":{"self":[{"href":"https:\/\/vinasfm.com\/noticias\/wp-json\/wp\/v2\/posts\/118785","targetHints":{"allow":["GET"]}}],"collection":[{"href":"https:\/\/vinasfm.com\/noticias\/wp-json\/wp\/v2\/posts"}],"about":[{"href":"https:\/\/vinasfm.com\/noticias\/wp-json\/wp\/v2\/types\/post"}],"author":[{"embeddable":true,"href":"https:\/\/vinasfm.com\/noticias\/wp-json\/wp\/v2\/users\/7"}],"replies":[{"embeddable":true,"href":"https:\/\/vinasfm.com\/noticias\/wp-json\/wp\/v2\/comments?post=118785"}],"version-history":[{"count":2,"href":"https:\/\/vinasfm.com\/noticias\/wp-json\/wp\/v2\/posts\/118785\/revisions"}],"predecessor-version":[{"id":118792,"href":"https:\/\/vinasfm.com\/noticias\/wp-json\/wp\/v2\/posts\/118785\/revisions\/118792"}],"wp:featuredmedia":[{"embeddable":true,"href":"https:\/\/vinasfm.com\/noticias\/wp-json\/wp\/v2\/media\/118786"}],"wp:attachment":[{"href":"https:\/\/vinasfm.com\/noticias\/wp-json\/wp\/v2\/media?parent=118785"}],"wp:term":[{"taxonomy":"category","embeddable":true,"href":"https:\/\/vinasfm.com\/noticias\/wp-json\/wp\/v2\/categories?post=118785"},{"taxonomy":"post_tag","embeddable":true,"href":"https:\/\/vinasfm.com\/noticias\/wp-json\/wp\/v2\/tags?post=118785"}],"curies":[{"name":"wp","href":"https:\/\/api.w.org\/{rel}","templated":true}]}}