{"id":118775,"date":"2023-02-23T08:26:11","date_gmt":"2023-02-23T11:26:11","guid":{"rendered":"https:\/\/vinasfm.com\/noticias\/?p=118775"},"modified":"2023-02-24T19:21:12","modified_gmt":"2023-02-24T22:21:12","slug":"robaron-y-rompieron-una-motocicleta","status":"publish","type":"post","link":"https:\/\/vinasfm.com\/noticias\/robaron-y-rompieron-una-motocicleta\/","title":{"rendered":"ROBARON Y ROMPIERON UNA MOTOCICLETA"},"content":{"rendered":"<h3>El d\u00eda de ayer un oyente denunci\u00f3 el hurto de su motocicleta, cuando se encontraba en la vivienda de su hermana, ubicada en la calle Manuel Estrada.<\/h3>\n<p>La victima asegur\u00f3 que el veh\u00edculo se encontraba estacionado en el puente de la casa con la traba puesta, sin embargo malvivientes<strong><em> la sustrajeron pero sin poder ponerla en en marcha.<\/em><\/strong> Dos horas despu\u00e9s del robo, miembros de la Comisar\u00eda 14 encontraron la motocicleta en <strong><em>un terreno bald\u00edo del barrio \u00abR\u00edo Atuel\u00bb.<\/em><\/strong><\/p>\n<p><em><strong>El veh\u00edculo se encontraba sin los pl\u00e1sticos delanteros con el objetivo de ponerla en marcha.<\/strong><\/em><\/p>\n<p><a href=\"https:\/\/vinasfm.com\/noticias\/wp-content\/uploads\/2023\/02\/WhatsApp-Image-2023-02-22-at-12.16.17.jpeg\"><img loading=\"lazy\" decoding=\"async\" class=\"wp-image-118776 aligncenter\" src=\"https:\/\/vinasfm.com\/noticias\/wp-content\/uploads\/2023\/02\/WhatsApp-Image-2023-02-22-at-12.16.17.jpeg\" alt=\"\" width=\"500\" height=\"666\" srcset=\"https:\/\/vinasfm.com\/noticias\/wp-content\/uploads\/2023\/02\/WhatsApp-Image-2023-02-22-at-12.16.17.jpeg 960w, https:\/\/vinasfm.com\/noticias\/wp-content\/uploads\/2023\/02\/WhatsApp-Image-2023-02-22-at-12.16.17-225x300.jpeg 225w, https:\/\/vinasfm.com\/noticias\/wp-content\/uploads\/2023\/02\/WhatsApp-Image-2023-02-22-at-12.16.17-768x1024.jpeg 768w\" sizes=\"auto, (max-width: 500px) 100vw, 500px\" \/><\/a><\/p>\n","protected":false},"excerpt":{"rendered":"<p>El d\u00eda de ayer un oyente denunci\u00f3 el hurto de su motocicleta, cuando se encontraba en la vivienda de su hermana, &#8230;<\/p>\n","protected":false},"author":7,"featured_media":118777,"comment_status":"closed","ping_status":"closed","sticky":false,"template":"","format":"standard","meta":{"footnotes":""},"categories":[5,4],"tags":[],"class_list":["post-118775","post","type-post","status-publish","format-standard","has-post-thumbnail","hentry","category-actualidad","category-policiales"],"_links":{"self":[{"href":"https:\/\/vinasfm.com\/noticias\/wp-json\/wp\/v2\/posts\/118775","targetHints":{"allow":["GET"]}}],"collection":[{"href":"https:\/\/vinasfm.com\/noticias\/wp-json\/wp\/v2\/posts"}],"about":[{"href":"https:\/\/vinasfm.com\/noticias\/wp-json\/wp\/v2\/types\/post"}],"author":[{"embeddable":true,"href":"https:\/\/vinasfm.com\/noticias\/wp-json\/wp\/v2\/users\/7"}],"replies":[{"embeddable":true,"href":"https:\/\/vinasfm.com\/noticias\/wp-json\/wp\/v2\/comments?post=118775"}],"version-history":[{"count":1,"href":"https:\/\/vinasfm.com\/noticias\/wp-json\/wp\/v2\/posts\/118775\/revisions"}],"predecessor-version":[{"id":118778,"href":"https:\/\/vinasfm.com\/noticias\/wp-json\/wp\/v2\/posts\/118775\/revisions\/118778"}],"wp:featuredmedia":[{"embeddable":true,"href":"https:\/\/vinasfm.com\/noticias\/wp-json\/wp\/v2\/media\/118777"}],"wp:attachment":[{"href":"https:\/\/vinasfm.com\/noticias\/wp-json\/wp\/v2\/media?parent=118775"}],"wp:term":[{"taxonomy":"category","embeddable":true,"href":"https:\/\/vinasfm.com\/noticias\/wp-json\/wp\/v2\/categories?post=118775"},{"taxonomy":"post_tag","embeddable":true,"href":"https:\/\/vinasfm.com\/noticias\/wp-json\/wp\/v2\/tags?post=118775"}],"curies":[{"name":"wp","href":"https:\/\/api.w.org\/{rel}","templated":true}]}}