{"id":118753,"date":"2023-02-22T10:02:53","date_gmt":"2023-02-22T13:02:53","guid":{"rendered":"https:\/\/vinasfm.com\/noticias\/?p=118753"},"modified":"2023-02-23T08:36:16","modified_gmt":"2023-02-23T11:36:16","slug":"construir-viviendas-para-concretar-suenos","status":"publish","type":"post","link":"https:\/\/vinasfm.com\/noticias\/construir-viviendas-para-concretar-suenos\/","title":{"rendered":"CONSTRUIR VIVIENDAS PARA CONCRETAR SUE\u00d1OS"},"content":{"rendered":"<h3>Con poco m\u00e1s de 240 viviendas pr\u00f3ximas a entregar, el Director de Viviendas Fabi\u00e1n Gim\u00e9nez, dio detalles de la construcci\u00f3n de los pr\u00f3ximos hogares que alojar\u00e1n a las familias alvearenses.<\/h3>\n<p><em><strong>&#8216;Ya estamos con los \u00faltimos preparativos para la entrega del \u00abBarrio Malvinas Argentinas IV\u00bb <\/strong><\/em>(ubicado en calle Mart\u00edn de Irigoyen)<em><strong> que cuenta con 74 viviendas, calculamos que en 15 d\u00edas podemos estar haciendo las entregas&#8217;<\/strong><\/em> coment\u00f3 Fabi\u00e1n Gim\u00e9nez. A fines del diciembre pasado se realiz\u00f3 el sorteo de los que ser\u00e1n nuevos hogares.<\/p>\n<p>Bajo el mismo contexto, Gim\u00e9nez especul\u00f3 que en aproximadamente dos meses comenzar\u00e1 la entrega de los barrios <strong><em>\u00abEl Juncalito\u00bb\u00a0<\/em><\/strong>(ubicado a la salida del Barrio Policial)\u00a0y<em><strong> \u00abEl Nevado III\u00bb <\/strong><\/em>(Av. Libertador Sur y San Juan)\u00a0que llevan m\u00e1s del 80% de construcci\u00f3n. <em><strong>&#8216;Estamos muy contentos por las entregas de viviendas&#8217; <\/strong><\/em>expres\u00f3 y agreg\u00f3<em><strong> &#8216;tambi\u00e9n tenemos en ejecuci\u00f3n los barrios \u00abLuz y Fuerza\u00bb\u00a0 <\/strong><\/em>(detr\u00e1s del Barrio 1\u00b0 de Mayo)<em><strong> y \u00abVi\u00f1as del Oeste\u00bb<\/strong><\/em> (en calle Centenario, Alvear Oeste) <strong>que<\/strong><em><strong> dentro de un mes comienza con la construcci\u00f3n&#8217;.<\/strong><\/em><\/p>\n<p>Desde el IPV explicaron con anterioridad que la nueva modalidad de construcci\u00f3n busca la sustentabilidad, <strong><em>&#8216;traen el sistema solar compuesto por paneles solares e igualmente la vivienda est\u00e1 adaptada para aprovechar el sol la mayor cantidad de horas al d\u00eda&#8217;.<\/em><\/strong><\/p>\n<p>Por otra parte, adem\u00e1s de las nuevas viviendas se est\u00e1 realizando la entrega de <em><strong>162 ampliaciones que mejorar\u00e1n la calidad de vida de las familias.<\/strong><\/em> Estas construcciones contemplan salones, habitaciones y ba\u00f1os adaptado para discapacidades.<\/p>\n<p>Antes de finalizar, el Director de Vivienda expres\u00f3 <strong><em>&#8216;hay que agradecer a la gente del IPV por su predisposici\u00f3n y trabajo junto a la Oficina de Vivienda, son cosas que no se ven pero hay muchas horas de trabajo para concretar estos sue\u00f1os&#8217;.\u00a0\u00a0<\/em><\/strong><\/p>\n","protected":false},"excerpt":{"rendered":"<p>Con poco m\u00e1s de 240 viviendas pr\u00f3ximas a entregar, el Director de Viviendas Fabi\u00e1n Gim\u00e9nez, dio detalles de la construcci\u00f3n de &#8230;<\/p>\n","protected":false},"author":7,"featured_media":55432,"comment_status":"open","ping_status":"open","sticky":false,"template":"","format":"standard","meta":{"footnotes":""},"categories":[5,29],"tags":[],"class_list":["post-118753","post","type-post","status-publish","format-standard","has-post-thumbnail","hentry","category-actualidad","category-obras-y-servicios"],"_links":{"self":[{"href":"https:\/\/vinasfm.com\/noticias\/wp-json\/wp\/v2\/posts\/118753","targetHints":{"allow":["GET"]}}],"collection":[{"href":"https:\/\/vinasfm.com\/noticias\/wp-json\/wp\/v2\/posts"}],"about":[{"href":"https:\/\/vinasfm.com\/noticias\/wp-json\/wp\/v2\/types\/post"}],"author":[{"embeddable":true,"href":"https:\/\/vinasfm.com\/noticias\/wp-json\/wp\/v2\/users\/7"}],"replies":[{"embeddable":true,"href":"https:\/\/vinasfm.com\/noticias\/wp-json\/wp\/v2\/comments?post=118753"}],"version-history":[{"count":3,"href":"https:\/\/vinasfm.com\/noticias\/wp-json\/wp\/v2\/posts\/118753\/revisions"}],"predecessor-version":[{"id":118761,"href":"https:\/\/vinasfm.com\/noticias\/wp-json\/wp\/v2\/posts\/118753\/revisions\/118761"}],"wp:featuredmedia":[{"embeddable":true,"href":"https:\/\/vinasfm.com\/noticias\/wp-json\/wp\/v2\/media\/55432"}],"wp:attachment":[{"href":"https:\/\/vinasfm.com\/noticias\/wp-json\/wp\/v2\/media?parent=118753"}],"wp:term":[{"taxonomy":"category","embeddable":true,"href":"https:\/\/vinasfm.com\/noticias\/wp-json\/wp\/v2\/categories?post=118753"},{"taxonomy":"post_tag","embeddable":true,"href":"https:\/\/vinasfm.com\/noticias\/wp-json\/wp\/v2\/tags?post=118753"}],"curies":[{"name":"wp","href":"https:\/\/api.w.org\/{rel}","templated":true}]}}