{"id":118742,"date":"2023-02-22T08:48:48","date_gmt":"2023-02-22T11:48:48","guid":{"rendered":"https:\/\/vinasfm.com\/noticias\/?p=118742"},"modified":"2023-02-23T08:16:06","modified_gmt":"2023-02-23T11:16:06","slug":"desde-hoy-irrigacipon-y-mekorot-recorren-la-provincia-explicando-el-plan-maestro-para-el-sector-hidrico","status":"publish","type":"post","link":"https:\/\/vinasfm.com\/noticias\/desde-hoy-irrigacipon-y-mekorot-recorren-la-provincia-explicando-el-plan-maestro-para-el-sector-hidrico\/","title":{"rendered":"IRRIGACI\u00d3N Y MEKOROT RECORREN LA PROVINCIA EXPLICANDO EL PLAN MAESTRO PARA EL SECTOR H\u00cdDRICO"},"content":{"rendered":"<div>\n<h3><span style=\"font-size: large;\">Este mi\u00e9rcoles ser\u00e1 a los empleados del organismo y a referentes del sector pol\u00edtico, empresario y social del Gran Mendoza y el Valle de Uco.<\/span><\/h3>\n<div><span style=\"font-size: large;\">\u00a0<\/span><\/div>\n<div>Los dos procesos en los que trabajan el Departamento General de Irrigaci\u00f3n y Mekorot, el Plan Maestro para el Sector H\u00eddrico y el C\u00f3digo de Aguas, tienen que estar validados por la ciudadan\u00eda y en vista a eso es que desde hoy el organismo y la empresa dar\u00e1n un gran paso: saldr\u00e1n a recorrer la provincia, cuenca por cuenca y tambi\u00e9n pasar\u00e1n por la Legislatura, cumpliendo con una primera etapa informativa, que al final del camino concluir\u00e1 con leyes, acciones concretas y obras que le permitan a Mendoza enfrentar la sequ\u00eda.<\/div>\n<div>\n<div><span style=\"font-size: large;\">\u00a0<\/span><\/div>\n<div><span style=\"font-size: large;\">Esta etapa informativa se extender\u00e1 hasta julio. Secundados por\u00a0especialistas locales, el Superintendente Sergio Marinelli y Diego Berger, Coordinador de Proyectos Internacionales de Mekorot, disertar\u00e1n acerca del Plan. Hoy, mi\u00e9rcoles, ser\u00e1 con los empleados de Sede Central y la Subdelegaci\u00f3n del r\u00edo Mendoza, desde las 8.30, en el edificio principal ubicado en Barcala y Espa\u00f1a de Ciudad.\u00a0<\/span><\/div>\n<div><\/div>\n<div>Luego, desde las 11.30, continuar\u00e1n en el dique Cipolletti, en el sal\u00f3n de usos m\u00faltiples que est\u00e1 dentro del Camping de Petroleros. Por la\u00a0tarde, la charla ser\u00e1 en el Valle de Uco (cuenca del r\u00edo Tunuy\u00e1n Superior). Comenzar\u00e1 a las 18, en la C\u00e1mara de Comercio de Tunuy\u00e1n, ubicada en Hip\u00f3lito Yrigoyen\u00a0745 de ese departamento.<\/div>\n<div><\/div>\n<div>En la ma\u00f1ana del jueves, Marinelli y Berger estar\u00e1n a las 10.30 en la Legislatura, para trasladarse despu\u00e9s a la zona Este (r\u00edo Tunuy\u00e1n Inferior). All\u00ed la convocatoria es desde las 17 hs hasta las 19 hs, en el Templo del Vino Bonarda Argentino, que est\u00e1 sobre la Ruta Provincial 50, Km 1.026, Parque Agnesi, San Mart\u00edn.<\/div>\n<div><\/div>\n<div>Finalmente, <strong>el viernes estar\u00e1n en Alvear (r\u00edo Atuel), desde las 10.30, en el Cine Teatro Antonio Lafalla, ubicado en la Avenida Alvear Oeste 437.<\/strong> Y a partir de las 18, para la cuenca del r\u00edo Diamante y Malarg\u00fce, en la Facultad de Ciencias Aplicadas a la Industria, en Bernardo de Irigoyen 375 de San Rafael.<\/div>\n<div><\/div>\n<div><strong>A todas las charlas est\u00e1n invitados los usuarios en general, Inspectores de Cauce, operadores de agua potable,\u00a0intendentes, concejales, legisladores, c\u00e1maras empresarias, entidades vitivin\u00edcolas y sociedades rurales.\u00a0<\/strong><\/div>\n<\/div>\n<div><span style=\"font-size: large;\">\u00a0<\/span><\/div>\n<div><span style=\"font-size: large;\">Al respecto, previamente Marinelli afirm\u00f3:<strong><em> &#8216;Nuestras dos l\u00edneas de l\u00edneas de acci\u00f3n y que ha tomado tambi\u00e9n el Gobernador Suarez, son\u00a0<\/em><\/strong><\/span><strong><em>un Plan Maestro para el Sector H\u00eddrico y un C\u00f3digo de Aguas&#8217;.\u00a0<\/em><\/strong><\/div>\n<div><\/div>\n<div><strong><em>&#8216;El Plan tiene distintas etapas. Estamos en la primera, que termina a fines de marzo, y es el an\u00e1lisis de la situaci\u00f3n actual de los recursos h\u00eddricos en todos los r\u00edos de la provincia. La segunda parte tiene que ver con la oferta y la demanda. La oferta la estudiar\u00e1 el Ianigla a trav\u00e9s de tres cient\u00edficos y la demanda, es un trabajo de Econom\u00eda, considerando los usos actuales, la matriz productiva y algunos escenarios prospectivos. Y la tercera etapa consiste en llegar a los respectivos balances h\u00eddricos en base a proyecciones de oferta y demanda. Con todo \u00e9sto llegaremos, por \u00faltimo, a un documentos donde se plasmen las acciones y obras que permitir\u00e1n atender esa demanda creciente con una oferta decreciente&#8217;.<\/em><\/strong><\/div>\n<div><span style=\"font-size: large;\">\u00a0<\/span><\/div>\n<div><em><strong><span style=\"font-size: large;\">&#8216;El C\u00f3digo de Aguas. \u00bfPor qu\u00e9? A lo largo de los a\u00f1os se ha modificado la Ley de Aguas, de manera directa (en m\u00e1s de 100 art\u00edculos) e indirectamente (a trav\u00e9s de la Constituci\u00f3n Nacional en la reforma del 94, donde se incorpor\u00f3 lo ambiental porque no se contemplaba hasta ese momento, y tambi\u00e9n la modific\u00f3 el C\u00f3digo Civil y Comercial de la Naci\u00f3n). <\/span><span style=\"font-size: large;\">Entonces, es necesario hacer un C\u00f3dico de Aguas, como ya tienen otras 18 provincias argentinas. En Mendoza se intenta desde hace m\u00e1s de un siglo&#8217;.<\/span><\/strong><\/em><\/div>\n<div><span style=\"font-size: large;\">\u00a0<\/span><\/div>\n<div><strong><em><span style=\"font-size: large;\">&#8216;Para poder ejecutar el Plan Maestro es necesario un C\u00f3digo de Aguas. Lo que hay que aclarar ac\u00e1 es que la pol\u00edtica h\u00eddrica provincial est\u00e1 anclada en 10 art\u00edculos de la Constituci\u00f3n y n<\/span><span style=\"font-size: large;\">uestros principios b\u00e1sicos no van a cambiar: se mantiene como principio rector la inherencia del agua al suelo, la autonom\u00eda del Departamento General de Irrigaci\u00f3n y el sistema democr\u00e1tico en la figura de las Inspecciones de Cauce. Eso no se toca&#8217;.<\/span><\/em><\/strong><\/div>\n<div><span style=\"font-size: large;\">\u00a0<\/span><\/div>\n<div><strong><em><span style=\"font-size: large;\">&#8216;Estos dos procesos, Plan y C\u00f3digo, tienen que tener participaci\u00f3n. Por eso las charlas que comenzamos hoy con Diego Berger, de Mekorot. Seguiremos e<\/span>scuchando ideas, propuestas, de cara a un futuro con menos agua. Finalmente, ambos deben ser aprobados por ley para que se conviertan en pol\u00edticas de Estado. Por eso, una vez que est\u00e9n los documentos finales tambi\u00e9n se informar\u00e1 sobre eso y se discutir\u00e1. Por esa raz\u00f3n la Legislatura est\u00e1 desde un primer momento en el tema&#8217;<\/em><\/strong>, concluy\u00f3 Marinelli.<\/div>\n<\/div>\n<div dir=\"ltr\">\n<div dir=\"ltr\">\n<div><\/div>\n<\/div>\n<\/div>\n","protected":false},"excerpt":{"rendered":"<p>Este mi\u00e9rcoles ser\u00e1 a los empleados del organismo y a referentes del sector pol\u00edtico, empresario y social del Gran Mendoza y &#8230;<\/p>\n","protected":false},"author":7,"featured_media":54830,"comment_status":"open","ping_status":"open","sticky":false,"template":"","format":"standard","meta":{"footnotes":""},"categories":[1],"tags":[],"class_list":["post-118742","post","type-post","status-publish","format-standard","has-post-thumbnail","hentry","category-fmvinas"],"_links":{"self":[{"href":"https:\/\/vinasfm.com\/noticias\/wp-json\/wp\/v2\/posts\/118742","targetHints":{"allow":["GET"]}}],"collection":[{"href":"https:\/\/vinasfm.com\/noticias\/wp-json\/wp\/v2\/posts"}],"about":[{"href":"https:\/\/vinasfm.com\/noticias\/wp-json\/wp\/v2\/types\/post"}],"author":[{"embeddable":true,"href":"https:\/\/vinasfm.com\/noticias\/wp-json\/wp\/v2\/users\/7"}],"replies":[{"embeddable":true,"href":"https:\/\/vinasfm.com\/noticias\/wp-json\/wp\/v2\/comments?post=118742"}],"version-history":[{"count":3,"href":"https:\/\/vinasfm.com\/noticias\/wp-json\/wp\/v2\/posts\/118742\/revisions"}],"predecessor-version":[{"id":118774,"href":"https:\/\/vinasfm.com\/noticias\/wp-json\/wp\/v2\/posts\/118742\/revisions\/118774"}],"wp:featuredmedia":[{"embeddable":true,"href":"https:\/\/vinasfm.com\/noticias\/wp-json\/wp\/v2\/media\/54830"}],"wp:attachment":[{"href":"https:\/\/vinasfm.com\/noticias\/wp-json\/wp\/v2\/media?parent=118742"}],"wp:term":[{"taxonomy":"category","embeddable":true,"href":"https:\/\/vinasfm.com\/noticias\/wp-json\/wp\/v2\/categories?post=118742"},{"taxonomy":"post_tag","embeddable":true,"href":"https:\/\/vinasfm.com\/noticias\/wp-json\/wp\/v2\/tags?post=118742"}],"curies":[{"name":"wp","href":"https:\/\/api.w.org\/{rel}","templated":true}]}}