{"id":118709,"date":"2023-02-21T09:45:44","date_gmt":"2023-02-21T12:45:44","guid":{"rendered":"https:\/\/vinasfm.com\/noticias\/?p=118709"},"modified":"2023-02-21T09:45:44","modified_gmt":"2023-02-21T12:45:44","slug":"martin-hinojosa-hay-que-animarse-a-discutir-todos-los-temas","status":"publish","type":"post","link":"https:\/\/vinasfm.com\/noticias\/martin-hinojosa-hay-que-animarse-a-discutir-todos-los-temas\/","title":{"rendered":"MART\u00cdN HINOJOSA: &#8216;HAY QUE ANIMARSE A DISCUTIR TODOS LOS TEMAS&#8217;"},"content":{"rendered":"<h3><strong>El presidente del INV y pre-candidato a Gobernador\u00a0 Mart\u00edn Hinojosa, fue recibido por el Frente de Todos y compartieron una jornada de ideas que apuntan a las pr\u00f3ximas elecciones.\u00a0<\/strong><\/h3>\n<p>Qui\u00e9n lo recibi\u00f3 fue el Presidente del PJ, Gustavo Illanes. En sus propias palabras, Hinojosa lleg\u00f3 para <strong><em>&#8216;tener un intercambio con los compa\u00f1eros para saber c\u00f3mo ven a la provincia y c\u00f3mo recuperar a Alvear&#8217;, <\/em><\/strong>adem\u00e1s el pre-candidato hizo hincapi\u00e9 en que<strong><em> &#8216;hay que animarse a discutir todos los temas, desde hablar de Portezuelo, la 7722, los recursos h\u00eddricos&#8217;.<\/em><\/strong><\/p>\n<p>Ayer se viraliz\u00f3 el pedido de no destinar vino para mosto, Hinojosa consider\u00f3 que el Gobierno debe encontrarse con los productores para tomar decisiones, <strong><em>&#8216;cuando se juntan con todos los involucrados, que es lo m\u00e1s dif\u00edcil, se pueden tomar decisiones m\u00e1s acertadas&#8217; <\/em><\/strong>y remarc\u00f3 <strong><em>&#8216;tomar dediciones desde un despacho, y sin conocer la realidad vitivin\u00edcola, es un error&#8217;.\u00a0<\/em><\/strong><\/p>\n<p>El agua es un tema que siempre est\u00e1 presente en cada intervenci\u00f3n que realizan las figuras pol\u00edticas en las comunidades, no ajeno a ello Hinojosa tom\u00f3 noci\u00f3n sobre la crisis h\u00eddrica por la que atraviesa el departamento; <strong><em>&#8216;el recurso h\u00eddrico es escaso y no existe una inversi\u00f3n, durante las \u00faltimas gestiones no se han adquirido ni propuesto prestamos para hacer obras h\u00eddricas. Si no hay un programa de largo plazo para mejorar la forma de regar, van a empezar a desaparecer cada vez m\u00e1s fincas&#8217;.\u00a0<\/em><\/strong><\/p>\n","protected":false},"excerpt":{"rendered":"<p>El presidente del INV y pre-candidato a Gobernador\u00a0 Mart\u00edn Hinojosa, fue recibido por el Frente de Todos y compartieron una jornada &#8230;<\/p>\n","protected":false},"author":7,"featured_media":118713,"comment_status":"open","ping_status":"open","sticky":false,"template":"","format":"standard","meta":{"footnotes":""},"categories":[1],"tags":[],"class_list":["post-118709","post","type-post","status-publish","format-standard","has-post-thumbnail","hentry","category-fmvinas"],"_links":{"self":[{"href":"https:\/\/vinasfm.com\/noticias\/wp-json\/wp\/v2\/posts\/118709","targetHints":{"allow":["GET"]}}],"collection":[{"href":"https:\/\/vinasfm.com\/noticias\/wp-json\/wp\/v2\/posts"}],"about":[{"href":"https:\/\/vinasfm.com\/noticias\/wp-json\/wp\/v2\/types\/post"}],"author":[{"embeddable":true,"href":"https:\/\/vinasfm.com\/noticias\/wp-json\/wp\/v2\/users\/7"}],"replies":[{"embeddable":true,"href":"https:\/\/vinasfm.com\/noticias\/wp-json\/wp\/v2\/comments?post=118709"}],"version-history":[{"count":1,"href":"https:\/\/vinasfm.com\/noticias\/wp-json\/wp\/v2\/posts\/118709\/revisions"}],"predecessor-version":[{"id":118712,"href":"https:\/\/vinasfm.com\/noticias\/wp-json\/wp\/v2\/posts\/118709\/revisions\/118712"}],"wp:featuredmedia":[{"embeddable":true,"href":"https:\/\/vinasfm.com\/noticias\/wp-json\/wp\/v2\/media\/118713"}],"wp:attachment":[{"href":"https:\/\/vinasfm.com\/noticias\/wp-json\/wp\/v2\/media?parent=118709"}],"wp:term":[{"taxonomy":"category","embeddable":true,"href":"https:\/\/vinasfm.com\/noticias\/wp-json\/wp\/v2\/categories?post=118709"},{"taxonomy":"post_tag","embeddable":true,"href":"https:\/\/vinasfm.com\/noticias\/wp-json\/wp\/v2\/tags?post=118709"}],"curies":[{"name":"wp","href":"https:\/\/api.w.org\/{rel}","templated":true}]}}