{"id":118702,"date":"2023-02-21T09:13:17","date_gmt":"2023-02-21T12:13:17","guid":{"rendered":"https:\/\/vinasfm.com\/noticias\/?p=118702"},"modified":"2023-02-21T09:14:48","modified_gmt":"2023-02-21T12:14:48","slug":"desde-el-sector-ganadero-local-piden-al-senasa-que-permita-la-movilizacion-de-terneros-luego-de-vacunarlos","status":"publish","type":"post","link":"https:\/\/vinasfm.com\/noticias\/desde-el-sector-ganadero-local-piden-al-senasa-que-permita-la-movilizacion-de-terneros-luego-de-vacunarlos\/","title":{"rendered":"DESDE EL SECTOR GANADERO LOCAL PIDEN AL SENASA QUE PERMITA LA MOVILIZACI\u00d3N DE TERNEROS LUEGO DE VACUNARLOS"},"content":{"rendered":"<h3>La gente vinculada a la producci\u00f3n de vacunos en nuestra zona ha solicitado al SENASA que no impida el movimiento del ganado durante la \u00e9poca de vacunaci\u00f3n contra la aftosa. El presidente del Cl\u00faster ganadero, Roberto R\u00edos, dio a conocer los detalles de este pedido.<\/h3>\n<p><strong><em> &#8216;Es algo que venimos solicitando hace varios a\u00f1os ya que creemos que es muy importante que nos den la oportunidad de<\/em><\/strong>,<em><strong> en este caso mediante resoluci\u00f3n, poder movilizar el ganado luego de ser vacunado, porque venimos con tres a\u00f1os de sequ\u00eda acumulada. El SENASA tiene dispuesto inmovilizar los terneros durante 21 d\u00edas luego de vacunados, pero las vacas no est\u00e1n en condiciones de alimentar los terneros como estos necesitan, justamente producto de la sequ\u00eda. Es importante el destete del ternero una vez vacunado porque de los puede sacar a una finca o al campo, para que se alimenten bien. Estuve hablando con el jefe del SENASA a nivel cuyo, el doctor Esteban Zapata, y ve con buenos ojos nuestra solicitud, que ha elevado a Buenos Aires, y estamos esperando la respuesta. Estos organismos tienen sus procesos y debemos tener el status sanitario del animal en las condiciones necesarias para no tener problemas el d\u00eda de ma\u00f1ana. Mucha gente vende el ternero porque la vaca no aguanta veinti\u00fan d\u00edas aliment\u00e1ndolo, o los deja salir al campo. Pero despu\u00e9s de ese lapso, juntarlos implica todo un trastorno. Cuando la vaca est\u00e1 en buen estado no tiene problemas, pero cuando est\u00e1 en un estado corporal bajo, como ahora por la sequ\u00eda, las cosas se complican. La alternativa es dejarlos con fardos y rollos de pasto, pero actualmente es imposible por el tema costos. La vacunaci\u00f3n comenz\u00f3 el lunes 13 de febrero, y el gobierno provincial nos ha ayudado con una importante cantidad de dinero que ha bajado considerablemente el costo de las dosis, entregando a cada productor cincuenta dosis gratis; estas cuestan $648 cada una&#8217;.<\/strong><\/em><\/p>\n<p>R\u00edos se refiri\u00f3 tambi\u00e9n al mercado de la carne, que ha incrementado notablemente su precio en los \u00faltimos tiempos. <strong><em>&#8216;Es algo que se ve\u00eda venir. Desde abril los precios se hab\u00edan mantenido mientras la inflaci\u00f3n segu\u00eda, pero los precios seguir\u00e1n subiendo porque hemos tenido en el \u00faltimo a\u00f1o casi el 100% de inflaci\u00f3n, y nosotros desde abril hemos visto crecer nuestros precios un 60%. Toda ha subido; el a\u00f1o pasado compr\u00e1bamos el ma\u00edz a $24 y hoy llega a los $50. Todos dicen que la carne subi\u00f3 much\u00edsimo, pero f\u00edjense que estuvo m\u00e1s de seis meses sin que el precio subiera. O sea, que era sabido que esto iba a pasar, adem\u00e1s los animales se han ido vendiendo y hay retracci\u00f3n de oferta. Por ejemplo los feedlot los sacaban r\u00e1pido al mercado porque ten\u00edan un importante sobrecosto de mantenimiento por los alimentos&#8217;.<\/em><\/strong><\/p>\n","protected":false},"excerpt":{"rendered":"<p>La gente vinculada a la producci\u00f3n de vacunos en nuestra zona ha solicitado al SENASA que no impida el movimiento del &#8230;<\/p>\n","protected":false},"author":7,"featured_media":118705,"comment_status":"open","ping_status":"open","sticky":false,"template":"","format":"standard","meta":{"footnotes":""},"categories":[1],"tags":[],"class_list":["post-118702","post","type-post","status-publish","format-standard","has-post-thumbnail","hentry","category-fmvinas"],"_links":{"self":[{"href":"https:\/\/vinasfm.com\/noticias\/wp-json\/wp\/v2\/posts\/118702","targetHints":{"allow":["GET"]}}],"collection":[{"href":"https:\/\/vinasfm.com\/noticias\/wp-json\/wp\/v2\/posts"}],"about":[{"href":"https:\/\/vinasfm.com\/noticias\/wp-json\/wp\/v2\/types\/post"}],"author":[{"embeddable":true,"href":"https:\/\/vinasfm.com\/noticias\/wp-json\/wp\/v2\/users\/7"}],"replies":[{"embeddable":true,"href":"https:\/\/vinasfm.com\/noticias\/wp-json\/wp\/v2\/comments?post=118702"}],"version-history":[{"count":4,"href":"https:\/\/vinasfm.com\/noticias\/wp-json\/wp\/v2\/posts\/118702\/revisions"}],"predecessor-version":[{"id":118707,"href":"https:\/\/vinasfm.com\/noticias\/wp-json\/wp\/v2\/posts\/118702\/revisions\/118707"}],"wp:featuredmedia":[{"embeddable":true,"href":"https:\/\/vinasfm.com\/noticias\/wp-json\/wp\/v2\/media\/118705"}],"wp:attachment":[{"href":"https:\/\/vinasfm.com\/noticias\/wp-json\/wp\/v2\/media?parent=118702"}],"wp:term":[{"taxonomy":"category","embeddable":true,"href":"https:\/\/vinasfm.com\/noticias\/wp-json\/wp\/v2\/categories?post=118702"},{"taxonomy":"post_tag","embeddable":true,"href":"https:\/\/vinasfm.com\/noticias\/wp-json\/wp\/v2\/tags?post=118702"}],"curies":[{"name":"wp","href":"https:\/\/api.w.org\/{rel}","templated":true}]}}