{"id":118682,"date":"2023-02-20T12:00:26","date_gmt":"2023-02-20T15:00:26","guid":{"rendered":"https:\/\/vinasfm.com\/noticias\/?p=118682"},"modified":"2023-02-22T08:18:19","modified_gmt":"2023-02-22T11:18:19","slug":"nota-de-opinion-daniel-ariosto-la-oportunidad-de-ordenarnos-y-volver-a-crecer","status":"publish","type":"post","link":"https:\/\/vinasfm.com\/noticias\/nota-de-opinion-daniel-ariosto-la-oportunidad-de-ordenarnos-y-volver-a-crecer\/","title":{"rendered":"NOTA DE OPINI\u00d3N, DANIEL ARIOSTO: La oportunidad de ordenarnos y volver a crecer"},"content":{"rendered":"<p><b>La oportunidad de ordenarnos y volver a crecer<\/b><\/p>\n<p style=\"font-weight: 400;\">Seg\u00fan el INDEC, en el tercer trimestre de 2022, la tasa de actividad \u2013que mide la poblaci\u00f3n econ\u00f3micamente activa ( poblaci\u00f3n ocupada o desocupada que desea trabajar) sobre el total de la poblaci\u00f3n en condiciones de trabajar (personas en condiciones de trabajar entre los 16 y los 64 a\u00f1os) \u2013 alcanz\u00f3 el 47,6%; la tasa de empleo (TE) \u2013que mide la proporci\u00f3n de personas ocupadas con relaci\u00f3n la poblaci\u00f3n\u00a0 en condiciones de trabajar\u2013 se ubic\u00f3 en 44,2%; y la tasa de desocupaci\u00f3n\u00a0 \u2013personas que no tienen ocupaci\u00f3n, est\u00e1n disponibles para trabajar y buscan empleo activamente, como proporci\u00f3n de la poblaci\u00f3n econ\u00f3micamente activa\u2013 se ubic\u00f3 en 7,1%.<\/p>\n<p style=\"font-weight: 400;\">Esto refleja que, menos de la mitad de la poblaci\u00f3n que podr\u00eda trabajar, posee un empleo formal y que m\u00e1s de 3 millones de personas que no tienen trabajo.<\/p>\n<p style=\"font-weight: 400;\">En el caos que es hoy nuestro pa\u00eds, con una inflaci\u00f3n imparable, la deuda agobiante, las peleas pol\u00edticas, el descontrol del d\u00f3lar y un incremento permanente de la pobreza no es raro que la econom\u00eda informal crezca, junto a la evasi\u00f3n, el empleo informal y la competencia desleal.<\/p>\n<p style=\"font-weight: 400;\">A la econom\u00eda da\u00f1ada por innumerable cantidad de factores, se suma el incremento de la econom\u00eda en negro, que resta recursos a un estado enorme, deficitario, paternalista. Es decir, cada vez menos ciudadanos formales, aportan al sostenimiento de un 51,7% de los argentinos que recibe alg\u00fan tipo de ayuda social.<\/p>\n<p style=\"font-weight: 400;\">Crece el empleo en negro algunos aprovechando la coyuntura y otros, obligados, porque no pueden enfrentar las obligaciones impositivas. Si lo vemos crudamente, tenemos entre 6 y 7 millones de personas con empleo en blanco y sueldos que no logran alcanzar la inflaci\u00f3n, sobre un total 20 millones de personas que trabajan.<\/p>\n<p style=\"font-weight: 400;\">Las pymes se encuentran en serias dificultades para sostener su planta de empleados. Nadie quiere desprenderse de sus colaboradores que tanto cuesta capacitar y que son parte vital del quehacer diario. Pero, por otro lado, dada la legislaci\u00f3n actual, los empresarios entienden que cuando est\u00e1n por contratar y toman a alg\u00fan empleado quiz\u00e1, en alg\u00fan momento del camino, est\u00e1n tomando a un adversario que terminar\u00e1 en un juicio que va a perder y pondr\u00e1 en riesgo, en muchas oportunidades, la continuidad de su empresa. Entonces el empresario que est\u00e1 desgastado y sin demasiados recursos, si necesita m\u00e1s apoyo, no lo hace (o lo hace en negro) y se est\u00e1 cerrando cada vez m\u00e1s.<\/p>\n<p style=\"font-weight: 400;\">Es lo que pasa cuando se pierde la confianza y es el motivo por el cual no recibimos capitales del exterior, tenemos leyes incumplibles, inestabilidad jur\u00eddica y faltan reglas de juego claras.<\/p>\n<p style=\"font-weight: 400;\">El pa\u00eds necesita un fuerte empuje hacia la educaci\u00f3n y la cultura que son la base de un pa\u00eds que quiere ordenarse y abrirse al mundo. Todos tenemos que trabajar fuerte para ser mejores y perfeccionarnos para enfrentar lo que viene.<\/p>\n<p style=\"font-weight: 400;\">Lo hemos reclamado hasta el cansancio: necesitamos una conducci\u00f3n seria con un plan abarcativo de todos los problemas reales y que proyecte nuestro pa\u00eds a un futuro. En donde se plantee un proyecto que nos incluya a todos y que contemple desde la formaci\u00f3n, indispensable para construir un futuro, hasta la generaci\u00f3n de confianza en nuestros dirigentes, en nuestra moneda, en nosotros mismos como capaces de sacar el pa\u00eds adelante.<\/p>\n<p style=\"font-weight: 400;\">Sabemos tambi\u00e9n que, de votar un proyecto serio para este a\u00f1o electoral, como dice el consultor Roberto Cachanosky, reci\u00e9n en 5 o 6 a\u00f1os vamos a poder notar alg\u00fan impacto en lo interno, pero vamos a necesitar de 10 o 15 a\u00f1os en recuperar la confianza y que el mundo nos vea como un pa\u00eds serio.<\/p>\n<p style=\"font-weight: 400;\">Creemos que el comercio exterior es una salida fundamental: contamos con base industrial y agr\u00edcola, recursos mineros y humano para brindar al mundo. Muchos empresarios que ya lo cuentan como actividad (contra viento y marea y coyuntura) y una historia que nos avalan. Hace falta incentivo, apoyo y permitir que el tipo de cambio favorezca a sectores que faciliten el ingreso de divisas, para poder potenciar el trabajo local.<\/p>\n<p style=\"font-weight: 400;\">Tambi\u00e9n, podemos crecer en turismo, industria en la que tenemos potencial y algo de experiencia. Sabemos que muchos pa\u00edses europeos como Italia, Espa\u00f1a y Francia han hecho de esta \u201cindustria\u201d su principal fuente de ingresos y con el impulso de la inversi\u00f3n en infraestructura, caminos y conectividad, podr\u00edamos reflotar nuestra imagen como punto de inter\u00e9s mundial.<\/p>\n<p style=\"font-weight: 400;\">Por supuesto que, para ambas actividades que citamos como ejemplo, necesitamos de seguridad jur\u00eddica, seguridad social, apoyo a trav\u00e9s de la disponibilidad de cr\u00e9ditos productivos.<\/p>\n<p style=\"font-weight: 400;\">Este a\u00f1o, tenemos una nueva oportunidad, los ciudadanos de elegir con responsabilidad y compromiso y apoyar un proyecto en serio, apostando al esfuerzo como simiente para el desarrollo. Necesitamos propuestas claras y creativas superadoras de esta calamitosa realidad.<\/p>\n<p style=\"font-weight: 400;\">Los dirigentes, por su parte, tendr\u00e1n la posibilidad de demostrar que son capaces, que se interesan por el pa\u00eds y que pueden dise\u00f1ar un plan econ\u00f3mico integral, recibiendo aportes, acordando con las partes involucradas para ordenarnos y volver a crecer.<\/p>\n<p><strong>Daniel Ariosto<\/strong><\/p>\n<p><strong>Presidente de UCIM<\/strong><\/p>\n","protected":false},"excerpt":{"rendered":"<p>La oportunidad de ordenarnos y volver a crecer Seg\u00fan el INDEC, en el tercer trimestre de 2022, la tasa de actividad &#8230;<\/p>\n","protected":false},"author":7,"featured_media":118693,"comment_status":"open","ping_status":"open","sticky":false,"template":"","format":"standard","meta":{"footnotes":""},"categories":[5,42],"tags":[],"class_list":["post-118682","post","type-post","status-publish","format-standard","has-post-thumbnail","hentry","category-actualidad","category-opinion"],"_links":{"self":[{"href":"https:\/\/vinasfm.com\/noticias\/wp-json\/wp\/v2\/posts\/118682","targetHints":{"allow":["GET"]}}],"collection":[{"href":"https:\/\/vinasfm.com\/noticias\/wp-json\/wp\/v2\/posts"}],"about":[{"href":"https:\/\/vinasfm.com\/noticias\/wp-json\/wp\/v2\/types\/post"}],"author":[{"embeddable":true,"href":"https:\/\/vinasfm.com\/noticias\/wp-json\/wp\/v2\/users\/7"}],"replies":[{"embeddable":true,"href":"https:\/\/vinasfm.com\/noticias\/wp-json\/wp\/v2\/comments?post=118682"}],"version-history":[{"count":3,"href":"https:\/\/vinasfm.com\/noticias\/wp-json\/wp\/v2\/posts\/118682\/revisions"}],"predecessor-version":[{"id":118690,"href":"https:\/\/vinasfm.com\/noticias\/wp-json\/wp\/v2\/posts\/118682\/revisions\/118690"}],"wp:featuredmedia":[{"embeddable":true,"href":"https:\/\/vinasfm.com\/noticias\/wp-json\/wp\/v2\/media\/118693"}],"wp:attachment":[{"href":"https:\/\/vinasfm.com\/noticias\/wp-json\/wp\/v2\/media?parent=118682"}],"wp:term":[{"taxonomy":"category","embeddable":true,"href":"https:\/\/vinasfm.com\/noticias\/wp-json\/wp\/v2\/categories?post=118682"},{"taxonomy":"post_tag","embeddable":true,"href":"https:\/\/vinasfm.com\/noticias\/wp-json\/wp\/v2\/tags?post=118682"}],"curies":[{"name":"wp","href":"https:\/\/api.w.org\/{rel}","templated":true}]}}