{"id":118675,"date":"2023-02-20T10:21:11","date_gmt":"2023-02-20T13:21:11","guid":{"rendered":"https:\/\/vinasfm.com\/noticias\/?p=118675"},"modified":"2023-02-21T10:22:04","modified_gmt":"2023-02-21T13:22:04","slug":"avanza-el-proyecto-del-acueducto-monte-coman-la-horqueta","status":"publish","type":"post","link":"https:\/\/vinasfm.com\/noticias\/avanza-el-proyecto-del-acueducto-monte-coman-la-horqueta\/","title":{"rendered":"AVANZA EL PROYECTO DEL ACUEDUCTO MONTE COM\u00c1N &#8211; LA HORQUETA"},"content":{"rendered":"<h3><strong>D\u00edas atr\u00e1s, productores agropecuarios de la provincia junto a representantes del cl\u00faster ganadero, acompa\u00f1aron a los funcionarios del Ministerio de Planificaci\u00f3n e Infraestructura en la apertura de sobres de las ofertas econ\u00f3micas propuestas por las tres empresas que pugnan por realizar el acueducto Monte Com\u00e1n-La Horqueta.<\/strong><\/h3>\n<p>Este acueducto ganadero se extender\u00e1 entre los departamentos de San Rafael y La Paz, y se encargar\u00e1 de suministrar agua potable a 89 explotaciones agropecuarias. El mismo est\u00e1 compuesto por 291 kil\u00f3metros de ca\u00f1er\u00eda, 31 bornas y 83 puntos de entregas que se abastecer\u00e1n desde un pozo de agua subterr\u00e1nea. Adem\u00e1s, se contar\u00e1 con un reservorio ubicado en las inmediaciones de la intersecci\u00f3n de Ruta Provincial 153 y Ruta Nacional 146. La traza de la red troncal ser\u00e1 por la Ruta Nacional 146 y desde esta saldr\u00e1n derivaciones hacia los distintos ramales previstos por las Ruta Provincial 205, Ruta Provincial 77, Ruta Provincial 206 y Ruta Provincial 51.<\/p>\n<p>Sobre este tema, el arquitecto Mario Isgro, ministro de Planificaci\u00f3n e Infraestructura P\u00fablica de Mendoza, indic\u00f3 que con esta obra se potenciar\u00e1 la competitividad del sector ganadero, pretendiendo alcanzar un incremento notable en la producci\u00f3n.<\/p>\n<p><strong><em>&#8216;Con esta instancia se cerr\u00f3 la etapa del proceso licitatorio, que no es m\u00e1s que la oferta econ\u00f3mica. Las firmas que se presentaron a la licitaci\u00f3n son tres, todas pasaron la parte de evaluaci\u00f3n t\u00e9cnica. Ahora resta estudiar que las ofertas postuladas cumplan con los requisitos econ\u00f3micos. Ojal\u00e1 que en el mes de marzo ya se pueda adjudicar para planificar el inicio de obra&#8217;<\/em><\/strong>, destac\u00f3 Mario Isgro.<\/p>\n<p>Despu\u00e9s, se refiri\u00f3 a los perfiles de las empresas que ofertaron.<strong><em> &#8216;Las tres son de la provincia de Mendoza, se trata de Corporaci\u00f3n del Sur SA, Hugo del Carmen Ojeda SA y la uni\u00f3n transitoria de empresas (UTE) conformada por Ceosa y Oasa&#8217;<\/em><\/strong>, precis\u00f3.<\/p>\n<p><strong><em>&#8216;En el acto licitatorio estuvieron presentes los productores agropecuarios y los representantes del cl\u00faster ganadero. Ellos son los que m\u00e1s se beneficiar\u00e1n con esta construcci\u00f3n, necesitan mucho de esta obra. El objeto de la misma es la puesta en valor de la producci\u00f3n sobre una cantidad de hect\u00e1reas muy importantes. Estamos hablando de cerca de 90 producciones agropecuarias en el sur de la provincia de Mendoza&#8217;<\/em><\/strong>, ampli\u00f3 el ministro de Planificaci\u00f3n e Infraestructura P\u00fablica.<\/p>\n<p>Asimismo, brind\u00f3 algunos pormenores en relaci\u00f3n a la infraestructura y composici\u00f3n del acueducto. <strong><em>&#8216;En su punto m\u00e1s alto va a tener un peque\u00f1o reservorio con un tanque de elevaci\u00f3n, para que el agua pueda correr sin necesidad de bombeo. Es una obra muy grande, de mucha longitud, pero por la pendiente que tiene, el agua fluir\u00e1 bien por el tubo. Adem\u00e1s, est\u00e1 compuesta por ramales que ingresan a cada una de las zonas donde est\u00e1n las producciones. Desde el punto de vista ambiental, se trata de un acueducto sustentable con un uso muy eficiente del agua&#8217;<\/em><\/strong>, especific\u00f3 el arquitecto Isgro.<\/p>\n<p><strong><em>&#8216;Todas estas cualidades generar\u00e1n un incremento en la producci\u00f3n ganadera. Hoy la producci\u00f3n total de carne vacuna para consumo en la provincia solo alcanza a cubrir el 30 % de la demanda, por lo que es una industria a la que todav\u00eda le queda mucho por crecer. Esperemos que en esta econom\u00eda circular, la ganader\u00eda crezca para abastecer a todo el mercado local. Aspiramos a que en un futuro podamos instalarnos en el mercado nacional y tambi\u00e9n exportar&#8217;<\/em><\/strong>, a\u00f1adi\u00f3.<\/p>\n<p>Para finalizar, se\u00f1al\u00f3 cu\u00e1les son los plazos de ejecuci\u00f3n de esta importante y esperada obra. <strong><em>&#8216;Tiene un plazo de construcci\u00f3n de poco m\u00e1s de un a\u00f1o. Hay que ver la curva de avance, pero calculamos que tardar\u00e1 entre 11 y 14 meses&#8217;<\/em><\/strong>, concluy\u00f3.<\/p>\n","protected":false},"excerpt":{"rendered":"<p>D\u00edas atr\u00e1s, productores agropecuarios de la provincia junto a representantes del cl\u00faster ganadero, acompa\u00f1aron a los funcionarios del Ministerio de Planificaci\u00f3n &#8230;<\/p>\n","protected":false},"author":7,"featured_media":118676,"comment_status":"open","ping_status":"open","sticky":false,"template":"","format":"standard","meta":{"footnotes":""},"categories":[5,10],"tags":[],"class_list":["post-118675","post","type-post","status-publish","format-standard","has-post-thumbnail","hentry","category-actualidad","category-destacadas"],"_links":{"self":[{"href":"https:\/\/vinasfm.com\/noticias\/wp-json\/wp\/v2\/posts\/118675","targetHints":{"allow":["GET"]}}],"collection":[{"href":"https:\/\/vinasfm.com\/noticias\/wp-json\/wp\/v2\/posts"}],"about":[{"href":"https:\/\/vinasfm.com\/noticias\/wp-json\/wp\/v2\/types\/post"}],"author":[{"embeddable":true,"href":"https:\/\/vinasfm.com\/noticias\/wp-json\/wp\/v2\/users\/7"}],"replies":[{"embeddable":true,"href":"https:\/\/vinasfm.com\/noticias\/wp-json\/wp\/v2\/comments?post=118675"}],"version-history":[{"count":1,"href":"https:\/\/vinasfm.com\/noticias\/wp-json\/wp\/v2\/posts\/118675\/revisions"}],"predecessor-version":[{"id":118677,"href":"https:\/\/vinasfm.com\/noticias\/wp-json\/wp\/v2\/posts\/118675\/revisions\/118677"}],"wp:featuredmedia":[{"embeddable":true,"href":"https:\/\/vinasfm.com\/noticias\/wp-json\/wp\/v2\/media\/118676"}],"wp:attachment":[{"href":"https:\/\/vinasfm.com\/noticias\/wp-json\/wp\/v2\/media?parent=118675"}],"wp:term":[{"taxonomy":"category","embeddable":true,"href":"https:\/\/vinasfm.com\/noticias\/wp-json\/wp\/v2\/categories?post=118675"},{"taxonomy":"post_tag","embeddable":true,"href":"https:\/\/vinasfm.com\/noticias\/wp-json\/wp\/v2\/tags?post=118675"}],"curies":[{"name":"wp","href":"https:\/\/api.w.org\/{rel}","templated":true}]}}