{"id":118660,"date":"2023-02-20T09:44:57","date_gmt":"2023-02-20T12:44:57","guid":{"rendered":"https:\/\/vinasfm.com\/noticias\/?p=118660"},"modified":"2023-02-21T09:51:35","modified_gmt":"2023-02-21T12:51:35","slug":"carmensa-festejo-sus-110-anos","status":"publish","type":"post","link":"https:\/\/vinasfm.com\/noticias\/carmensa-festejo-sus-110-anos\/","title":{"rendered":"CARMENSA FESTEJ\u00d3 SUS 110 A\u00d1OS"},"content":{"rendered":"<h3>El d\u00eda de ayer, San Pedro del Atuel celebr\u00f3 su 110 aniversario en lo que fue un emotivo acto, que cont\u00f3 con la participaci\u00f3n de artesanos, comidas t\u00edpicas y academias locales como Agua Cristal y Renacer Chamamecero.<\/h3>\n<p><a href=\"https:\/\/vinasfm.com\/noticias\/wp-content\/uploads\/2023\/02\/WhatsApp-Image-2023-02-20-at-09.37.38.jpeg\"><img loading=\"lazy\" decoding=\"async\" class=\"wp-image-118670 aligncenter\" src=\"https:\/\/vinasfm.com\/noticias\/wp-content\/uploads\/2023\/02\/WhatsApp-Image-2023-02-20-at-09.37.38.jpeg\" alt=\"\" width=\"600\" height=\"400\" srcset=\"https:\/\/vinasfm.com\/noticias\/wp-content\/uploads\/2023\/02\/WhatsApp-Image-2023-02-20-at-09.37.38.jpeg 1600w, https:\/\/vinasfm.com\/noticias\/wp-content\/uploads\/2023\/02\/WhatsApp-Image-2023-02-20-at-09.37.38-300x200.jpeg 300w, https:\/\/vinasfm.com\/noticias\/wp-content\/uploads\/2023\/02\/WhatsApp-Image-2023-02-20-at-09.37.38-1024x682.jpeg 1024w, https:\/\/vinasfm.com\/noticias\/wp-content\/uploads\/2023\/02\/WhatsApp-Image-2023-02-20-at-09.37.38-768x512.jpeg 768w, https:\/\/vinasfm.com\/noticias\/wp-content\/uploads\/2023\/02\/WhatsApp-Image-2023-02-20-at-09.37.38-1536x1023.jpeg 1536w\" sizes=\"auto, (max-width: 600px) 100vw, 600px\" \/><\/a><\/p>\n<p>&nbsp;<\/p>\n<p>Pablo Roa, Delegado del distrito manifest\u00f3 su contento, <strong><em>&#8216;estos \u00faltimos a\u00f1os han sido fundamentales para el desarrollo y el crecimiento. Hace un a\u00f1o festejamos con la inauguraci\u00f3n de un nuevo edificio, oficinas y el cajero autom\u00e1tico, junto con el sue\u00f1o de que los carmensinos cuenten con una farmacia propia. Esta noche podemos anunciar que dentro de poco vamos a concretarlo. Es muy importante para nuestra identidad poder contar con servicios que est\u00e1n en cualquier lado&#8217;.\u00a0<\/em><\/strong><\/p>\n<p><a href=\"https:\/\/vinasfm.com\/noticias\/wp-content\/uploads\/2023\/02\/WhatsApp-Image-2023-02-20-at-09.37.43.jpeg\"><img loading=\"lazy\" decoding=\"async\" class=\"wp-image-118667 aligncenter\" src=\"https:\/\/vinasfm.com\/noticias\/wp-content\/uploads\/2023\/02\/WhatsApp-Image-2023-02-20-at-09.37.43.jpeg\" alt=\"\" width=\"600\" height=\"364\" \/><\/a><\/p>\n<p>Del evento no solo participaron carmensinos, tambi\u00e9n estuvieron presentes muchos alvearenses, turistas y hasta el chozno de Pedro Christ\u00f3phersen.<\/p>\n<p><a href=\"https:\/\/vinasfm.com\/noticias\/wp-content\/uploads\/2023\/02\/WhatsApp-Image-2023-02-20-at-09.37.36.jpeg\"><img loading=\"lazy\" decoding=\"async\" class=\"wp-image-118669 aligncenter\" src=\"https:\/\/vinasfm.com\/noticias\/wp-content\/uploads\/2023\/02\/WhatsApp-Image-2023-02-20-at-09.37.36.jpeg\" alt=\"\" width=\"600\" height=\"400\" srcset=\"https:\/\/vinasfm.com\/noticias\/wp-content\/uploads\/2023\/02\/WhatsApp-Image-2023-02-20-at-09.37.36.jpeg 1600w, https:\/\/vinasfm.com\/noticias\/wp-content\/uploads\/2023\/02\/WhatsApp-Image-2023-02-20-at-09.37.36-300x200.jpeg 300w, https:\/\/vinasfm.com\/noticias\/wp-content\/uploads\/2023\/02\/WhatsApp-Image-2023-02-20-at-09.37.36-1024x682.jpeg 1024w, https:\/\/vinasfm.com\/noticias\/wp-content\/uploads\/2023\/02\/WhatsApp-Image-2023-02-20-at-09.37.36-768x512.jpeg 768w, https:\/\/vinasfm.com\/noticias\/wp-content\/uploads\/2023\/02\/WhatsApp-Image-2023-02-20-at-09.37.36-1536x1023.jpeg 1536w\" sizes=\"auto, (max-width: 600px) 100vw, 600px\" \/><\/a><\/p>\n<p>Pedro Sebasti\u00e1n Christ\u00f3phersen, hijo del tataranieto de Pedro Christ\u00f3phersen, estuvo por primera vez en Mendoza.<em><strong> &#8216;Era una visita de paso pero coincidi\u00f3 con el 110 aniversario del pueblo. Me llevo mucha informaci\u00f3n que en internet no se encuentra, historias de personas que estuvieron en contacto con mi tatarabuelo. Esta visita se la dedico a mi padre que fue quien me instruy\u00f3 con la historia de Carmensa, pero no pudo conocer al pueblo&#8217;<\/strong><\/em> fueron las palabras de Christ\u00f3phersen.<\/p>\n","protected":false},"excerpt":{"rendered":"<p>El d\u00eda de ayer, San Pedro del Atuel celebr\u00f3 su 110 aniversario en lo que fue un emotivo acto, que cont\u00f3 &#8230;<\/p>\n","protected":false},"author":7,"featured_media":118664,"comment_status":"open","ping_status":"open","sticky":false,"template":"","format":"standard","meta":{"footnotes":""},"categories":[5,10],"tags":[],"class_list":["post-118660","post","type-post","status-publish","format-standard","has-post-thumbnail","hentry","category-actualidad","category-destacadas"],"_links":{"self":[{"href":"https:\/\/vinasfm.com\/noticias\/wp-json\/wp\/v2\/posts\/118660","targetHints":{"allow":["GET"]}}],"collection":[{"href":"https:\/\/vinasfm.com\/noticias\/wp-json\/wp\/v2\/posts"}],"about":[{"href":"https:\/\/vinasfm.com\/noticias\/wp-json\/wp\/v2\/types\/post"}],"author":[{"embeddable":true,"href":"https:\/\/vinasfm.com\/noticias\/wp-json\/wp\/v2\/users\/7"}],"replies":[{"embeddable":true,"href":"https:\/\/vinasfm.com\/noticias\/wp-json\/wp\/v2\/comments?post=118660"}],"version-history":[{"count":2,"href":"https:\/\/vinasfm.com\/noticias\/wp-json\/wp\/v2\/posts\/118660\/revisions"}],"predecessor-version":[{"id":118671,"href":"https:\/\/vinasfm.com\/noticias\/wp-json\/wp\/v2\/posts\/118660\/revisions\/118671"}],"wp:featuredmedia":[{"embeddable":true,"href":"https:\/\/vinasfm.com\/noticias\/wp-json\/wp\/v2\/media\/118664"}],"wp:attachment":[{"href":"https:\/\/vinasfm.com\/noticias\/wp-json\/wp\/v2\/media?parent=118660"}],"wp:term":[{"taxonomy":"category","embeddable":true,"href":"https:\/\/vinasfm.com\/noticias\/wp-json\/wp\/v2\/categories?post=118660"},{"taxonomy":"post_tag","embeddable":true,"href":"https:\/\/vinasfm.com\/noticias\/wp-json\/wp\/v2\/tags?post=118660"}],"curies":[{"name":"wp","href":"https:\/\/api.w.org\/{rel}","templated":true}]}}