{"id":118655,"date":"2023-02-20T09:02:00","date_gmt":"2023-02-20T12:02:00","guid":{"rendered":"https:\/\/vinasfm.com\/noticias\/?p=118655"},"modified":"2023-02-21T09:47:03","modified_gmt":"2023-02-21T12:47:03","slug":"mendoza-pedira-que-no-se-destine-vino-para-mosto-este-ano","status":"publish","type":"post","link":"https:\/\/vinasfm.com\/noticias\/mendoza-pedira-que-no-se-destine-vino-para-mosto-este-ano\/","title":{"rendered":"MENDOZA PEDIR\u00c1 QUE NO SE DESTINE VINO PARA MOSTO ESTE A\u00d1O"},"content":{"rendered":"<h3 class=\"description-boxed\">El Gobierno afirma que podr\u00eda afectar negativamente los precios pagados al productor.<\/h3>\n<p>El Gobierno de la Provincia solicitar\u00e1 que este a\u00f1o\u00a0<b>no se destine vino a mosto<\/b>. Esto es en el marco del conocido acuerdo entre Mendoza y San Juan, por el que se busca mantener un equilibrio en los stocks destinando parte del vino a mosto y a otros subproductos.<\/p>\n<p>Sin embargo, tras conocerse el pron\u00f3stico de cosecha emitido por el Instituto Nacional de Vitivinicultura (INV), en donde se indica una merma de 23% para la provincia de Mendoza y de 21% a nivel nacional, desde la Provincia se evalu\u00f3 que reducir a\u00fan m\u00e1s el stock v\u00ednico podr\u00eda afectar negativamente los precios pagados al productor.<\/p>\n<p><a href=\"https:\/\/vinasfm.com\/noticias\/wp-content\/uploads\/2023\/02\/descarga-52.jpg\"><img loading=\"lazy\" decoding=\"async\" class=\"wp-image-118656 aligncenter\" src=\"https:\/\/vinasfm.com\/noticias\/wp-content\/uploads\/2023\/02\/descarga-52.jpg\" alt=\"\" width=\"437\" height=\"245\" \/><\/a><\/p>\n<p>Vale recordar que recientemente tuvo lugar la Mesa de Concertaci\u00f3n Vitivin\u00edcola, en donde participaron los principales referentes de los productores de uva, c\u00e1maras de elaboradores de vino, t\u00e9cnicos del Instituto de Desarrollo Rural, los subsecretarios de Industria y Comercio, Alejandro Zlotolow, y de Agricultura y Ganader\u00eda, Sergio Moralejo; la Direcci\u00f3n de Fiscalizaci\u00f3n y Control, con Jos\u00e9 Cortez a la cabeza, y la de Agricultura, con Valentina Navarro Canafoglia, su directora.<\/p>\n<p>El encuentro tuvo como tema principal de debate los precios de la uva. All\u00ed, los productores les refirieron a los funcionarios provinciales sus expectativas en cuanto a montos y alertaron sobre la posibilidad de que las bodegas importen uva para suplir la falta, con la consecuente presi\u00f3n sobre los precios a la baja.<\/p>\n<p>Durante la mesa, los propios productores resaltaron la necesidad de contar con los datos difundidos por la entidad nacional e incluso remarcaron que deber\u00edan haber estado a disposici\u00f3n de todos los sectores con antelaci\u00f3n para anticiparse a los hechos.<\/p>\n<p>Ante esta situaci\u00f3n, y tras conocerse que, seg\u00fan las estad\u00edsticas del INV, se espera que en Mendoza se cosechen 10.138.700 quintales, cuando hace un a\u00f1o la producci\u00f3n fue de 13.243.217 quintales, desde el sector esperan negociar precios en alza.<\/p>\n","protected":false},"excerpt":{"rendered":"<p>El Gobierno afirma que podr\u00eda afectar negativamente los precios pagados al productor. El Gobierno de la Provincia solicitar\u00e1 que este a\u00f1o\u00a0no &#8230;<\/p>\n","protected":false},"author":7,"featured_media":55513,"comment_status":"open","ping_status":"open","sticky":false,"template":"","format":"standard","meta":{"footnotes":""},"categories":[5,10],"tags":[],"class_list":["post-118655","post","type-post","status-publish","format-standard","has-post-thumbnail","hentry","category-actualidad","category-destacadas"],"_links":{"self":[{"href":"https:\/\/vinasfm.com\/noticias\/wp-json\/wp\/v2\/posts\/118655","targetHints":{"allow":["GET"]}}],"collection":[{"href":"https:\/\/vinasfm.com\/noticias\/wp-json\/wp\/v2\/posts"}],"about":[{"href":"https:\/\/vinasfm.com\/noticias\/wp-json\/wp\/v2\/types\/post"}],"author":[{"embeddable":true,"href":"https:\/\/vinasfm.com\/noticias\/wp-json\/wp\/v2\/users\/7"}],"replies":[{"embeddable":true,"href":"https:\/\/vinasfm.com\/noticias\/wp-json\/wp\/v2\/comments?post=118655"}],"version-history":[{"count":1,"href":"https:\/\/vinasfm.com\/noticias\/wp-json\/wp\/v2\/posts\/118655\/revisions"}],"predecessor-version":[{"id":118657,"href":"https:\/\/vinasfm.com\/noticias\/wp-json\/wp\/v2\/posts\/118655\/revisions\/118657"}],"wp:featuredmedia":[{"embeddable":true,"href":"https:\/\/vinasfm.com\/noticias\/wp-json\/wp\/v2\/media\/55513"}],"wp:attachment":[{"href":"https:\/\/vinasfm.com\/noticias\/wp-json\/wp\/v2\/media?parent=118655"}],"wp:term":[{"taxonomy":"category","embeddable":true,"href":"https:\/\/vinasfm.com\/noticias\/wp-json\/wp\/v2\/categories?post=118655"},{"taxonomy":"post_tag","embeddable":true,"href":"https:\/\/vinasfm.com\/noticias\/wp-json\/wp\/v2\/tags?post=118655"}],"curies":[{"name":"wp","href":"https:\/\/api.w.org\/{rel}","templated":true}]}}