{"id":118647,"date":"2023-02-20T08:33:52","date_gmt":"2023-02-20T11:33:52","guid":{"rendered":"https:\/\/vinasfm.com\/noticias\/?p=118647"},"modified":"2023-02-21T09:00:28","modified_gmt":"2023-02-21T12:00:28","slug":"vuelve-el-calor-pronostico-para-esta-semana","status":"publish","type":"post","link":"https:\/\/vinasfm.com\/noticias\/vuelve-el-calor-pronostico-para-esta-semana\/","title":{"rendered":"VUELVE EL CALOR: PRONOSTICO PARA ESTA SEMANA"},"content":{"rendered":"<h3>La semana de carnaval continuar\u00e1 con inestabilidad, pero contar\u00e1 con agradables temperaturas que permitir\u00e1n los festejos al aire libre.<\/h3>\n<p>Este<strong> lunes<\/strong> la semana iniciar\u00e1 con el d\u00eda mayormente nublado e ir\u00e1 formando tormentas aisladas hacia la tarde\/noche con 40% de probabilidad. <strong>Se estima que m\u00e1xima ser\u00e1 31\u00b0C y la m\u00ednima 12\u00b0C.\u00a0<\/strong><\/p>\n<p>El<strong> martes<\/strong> contin\u00faa la inestabilidad con nubosidad por la ma\u00f1ana, tormentas aisladas por la tarde y chaparrones para la noche. Con un leve aumento en la temperatura, <strong>la m\u00e1xima llegar\u00e1 a los 32\u00b0C y la m\u00ednima seguir\u00e1 en 12\u00b0C.<\/strong><\/p>\n<p>Para el d\u00eda<strong> mi\u00e9rcoles<\/strong>, <strong>se espera que la m\u00e1xima llegue a los 33\u00b0C y la m\u00ednima a los 14\u00b0C.<\/strong> El d\u00eda estar\u00e1 algo nublado por la ma\u00f1ana y tendr\u00e1 presencia de tormentas aisladas durante la tarde\/noche.<\/p>\n<p>Desde el <strong>jueves<\/strong> disminuye ligeramente la temperatura,<strong> la m\u00e1xima ser\u00e1 rondar\u00e1 los 31\u00b0C, pero la m\u00ednima llegar\u00e1 a los 16\u00b0C.<\/strong><\/p>\n<p>Caso similar suceder\u00e1 el <strong>viernes<\/strong>, con presencia de nubes, <strong>la m\u00e1xima ser\u00e1 de 32\u00b0C y la m\u00ednima de 16\u00b0C.<\/strong><\/p>\n","protected":false},"excerpt":{"rendered":"<p>La semana de carnaval continuar\u00e1 con inestabilidad, pero contar\u00e1 con agradables temperaturas que permitir\u00e1n los festejos al aire libre. Este lunes &#8230;<\/p>\n","protected":false},"author":7,"featured_media":118648,"comment_status":"open","ping_status":"open","sticky":false,"template":"","format":"standard","meta":{"footnotes":""},"categories":[5,36],"tags":[],"class_list":["post-118647","post","type-post","status-publish","format-standard","has-post-thumbnail","hentry","category-actualidad","category-pronostico"],"_links":{"self":[{"href":"https:\/\/vinasfm.com\/noticias\/wp-json\/wp\/v2\/posts\/118647","targetHints":{"allow":["GET"]}}],"collection":[{"href":"https:\/\/vinasfm.com\/noticias\/wp-json\/wp\/v2\/posts"}],"about":[{"href":"https:\/\/vinasfm.com\/noticias\/wp-json\/wp\/v2\/types\/post"}],"author":[{"embeddable":true,"href":"https:\/\/vinasfm.com\/noticias\/wp-json\/wp\/v2\/users\/7"}],"replies":[{"embeddable":true,"href":"https:\/\/vinasfm.com\/noticias\/wp-json\/wp\/v2\/comments?post=118647"}],"version-history":[{"count":2,"href":"https:\/\/vinasfm.com\/noticias\/wp-json\/wp\/v2\/posts\/118647\/revisions"}],"predecessor-version":[{"id":118687,"href":"https:\/\/vinasfm.com\/noticias\/wp-json\/wp\/v2\/posts\/118647\/revisions\/118687"}],"wp:featuredmedia":[{"embeddable":true,"href":"https:\/\/vinasfm.com\/noticias\/wp-json\/wp\/v2\/media\/118648"}],"wp:attachment":[{"href":"https:\/\/vinasfm.com\/noticias\/wp-json\/wp\/v2\/media?parent=118647"}],"wp:term":[{"taxonomy":"category","embeddable":true,"href":"https:\/\/vinasfm.com\/noticias\/wp-json\/wp\/v2\/categories?post=118647"},{"taxonomy":"post_tag","embeddable":true,"href":"https:\/\/vinasfm.com\/noticias\/wp-json\/wp\/v2\/tags?post=118647"}],"curies":[{"name":"wp","href":"https:\/\/api.w.org\/{rel}","templated":true}]}}