{"id":118643,"date":"2023-02-19T23:11:45","date_gmt":"2023-02-20T02:11:45","guid":{"rendered":"https:\/\/vinasfm.com\/noticias\/?p=118643"},"modified":"2023-02-21T11:08:46","modified_gmt":"2023-02-21T14:08:46","slug":"se-solicita-el-paradero-de-fanny-del-carmen-romero-garcia","status":"publish","type":"post","link":"https:\/\/vinasfm.com\/noticias\/se-solicita-el-paradero-de-fanny-del-carmen-romero-garcia\/","title":{"rendered":"SE SOLICITA DAR CON EL PARADERO DE FANNY DEL CARMEN ROMERO GARC\u00cdA"},"content":{"rendered":"<h3>Autoridades policiales y judiciales solicitaron la colaboraci\u00f3n de la poblaci\u00f3n para dar con el paradero de Fanny Del Carmen Romero Garc\u00eda, de 29 a\u00f1os, con \u00faltimo domicilio en calle Sarmiento de Villa Atuel.<\/h3>\n<p>Fanny se ausent\u00f3 de su domicilio el d\u00eda 15 de febrero \u00faltimo y, seg\u00fan testigos, fue vista en inmediaciones del barrio El Molino, de San Rafael. Seg\u00fan se estima, viste blusa blanca con escote en V bordado en color azul y calza o pantal\u00f3n de color oscuro, mide 1.55 mts. de estatura aproximadamente, es de contextura robusta, de cabello largo casta\u00f1o oscuro y tez blanca.<\/p>\n<p>Cualquier novedad, comunicarla al 911 o a la dependencia policial m\u00e1s cercana.<\/p>\n<p>&nbsp;<\/p>\n<p>&nbsp;<\/p>\n","protected":false},"excerpt":{"rendered":"<p>Autoridades policiales y judiciales solicitaron la colaboraci\u00f3n de la poblaci\u00f3n para dar con el paradero de Fanny Del Carmen Romero Garc\u00eda, &#8230;<\/p>\n","protected":false},"author":7,"featured_media":118644,"comment_status":"open","ping_status":"open","sticky":false,"template":"","format":"standard","meta":{"footnotes":""},"categories":[5,10],"tags":[],"class_list":["post-118643","post","type-post","status-publish","format-standard","has-post-thumbnail","hentry","category-actualidad","category-destacadas"],"_links":{"self":[{"href":"https:\/\/vinasfm.com\/noticias\/wp-json\/wp\/v2\/posts\/118643","targetHints":{"allow":["GET"]}}],"collection":[{"href":"https:\/\/vinasfm.com\/noticias\/wp-json\/wp\/v2\/posts"}],"about":[{"href":"https:\/\/vinasfm.com\/noticias\/wp-json\/wp\/v2\/types\/post"}],"author":[{"embeddable":true,"href":"https:\/\/vinasfm.com\/noticias\/wp-json\/wp\/v2\/users\/7"}],"replies":[{"embeddable":true,"href":"https:\/\/vinasfm.com\/noticias\/wp-json\/wp\/v2\/comments?post=118643"}],"version-history":[{"count":4,"href":"https:\/\/vinasfm.com\/noticias\/wp-json\/wp\/v2\/posts\/118643\/revisions"}],"predecessor-version":[{"id":118724,"href":"https:\/\/vinasfm.com\/noticias\/wp-json\/wp\/v2\/posts\/118643\/revisions\/118724"}],"wp:featuredmedia":[{"embeddable":true,"href":"https:\/\/vinasfm.com\/noticias\/wp-json\/wp\/v2\/media\/118644"}],"wp:attachment":[{"href":"https:\/\/vinasfm.com\/noticias\/wp-json\/wp\/v2\/media?parent=118643"}],"wp:term":[{"taxonomy":"category","embeddable":true,"href":"https:\/\/vinasfm.com\/noticias\/wp-json\/wp\/v2\/categories?post=118643"},{"taxonomy":"post_tag","embeddable":true,"href":"https:\/\/vinasfm.com\/noticias\/wp-json\/wp\/v2\/tags?post=118643"}],"curies":[{"name":"wp","href":"https:\/\/api.w.org\/{rel}","templated":true}]}}