{"id":118636,"date":"2023-02-18T08:31:51","date_gmt":"2023-02-18T11:31:51","guid":{"rendered":"https:\/\/vinasfm.com\/noticias\/?p=118636"},"modified":"2023-02-18T11:34:45","modified_gmt":"2023-02-18T14:34:45","slug":"una-caravana-se-movilizara-hasta-malargue-para-protestar-por-las-tierras-cedidads-a-autopercividos-mapuches","status":"publish","type":"post","link":"https:\/\/vinasfm.com\/noticias\/una-caravana-se-movilizara-hasta-malargue-para-protestar-por-las-tierras-cedidads-a-autopercividos-mapuches\/","title":{"rendered":"UNA CARAVANA SE MOVILIZAR\u00c1 HASTA MALARG\u00dcE PARA PROTESTAR POR LAS TIERRAS CEDIDADS A AUTOPERCIVIDOS MAPUCHES"},"content":{"rendered":"<h3>Arrancar\u00e1 por la ma\u00f1ana de este s\u00e1bado desde Pareditas.<\/h3>\n<p>La entrega de tierras a un grupo de autopercibidos mapuches gener\u00f3 indignaci\u00f3n no s\u00f3lo en el \u00e1mbito pol\u00edtico, sino tambi\u00e9n la ciudadan\u00eda mendocina. Es por eso que, este s\u00e1bado desde las 10, arrancar\u00e1 una caravana desde San Carlos hasta el centro de Malarg\u00fce.<\/p>\n<p>Tal como se inform\u00f3\u00a0a principios de este mes, el propulsor de esta iniciativa es el empresario y ex titular de la C\u00e1mara de Comercio de General Alvear, Andr\u00e9s Vavrik, quien convoc\u00f3 a los mendocinos a protestar ante las decisiones del Instituto de Asuntos Ind\u00edgenas y contra el Gobierno nacional.<\/p>\n<p><a href=\"https:\/\/vinasfm.com\/noticias\/wp-content\/uploads\/2023\/02\/WhatsApp-Image-2023-02-18-at-11.30.30.jpeg\"><img loading=\"lazy\" decoding=\"async\" class=\"wp-image-118637 aligncenter\" src=\"https:\/\/vinasfm.com\/noticias\/wp-content\/uploads\/2023\/02\/WhatsApp-Image-2023-02-18-at-11.30.30.jpeg\" alt=\"\" width=\"398\" height=\"505\" srcset=\"https:\/\/vinasfm.com\/noticias\/wp-content\/uploads\/2023\/02\/WhatsApp-Image-2023-02-18-at-11.30.30.jpeg 371w, https:\/\/vinasfm.com\/noticias\/wp-content\/uploads\/2023\/02\/WhatsApp-Image-2023-02-18-at-11.30.30-236x300.jpeg 236w\" sizes=\"auto, (max-width: 398px) 100vw, 398px\" \/><\/a><\/p>\n<p><em><strong>&#8216;Quiero organizar una caravana desde Pareditas hasta el centro de Malarg\u00fce.<\/strong><\/em><br \/>\n<em><strong>Es pac\u00edfica, sin banderas pol\u00edticas, solo los colores de Argentina, para pedirle a<\/strong><\/em><br \/>\n<em><strong>Alberto Fern\u00e1ndez que retrotraiga la entrega de tierra a falsos Mapuches.<\/strong><\/em><br \/>\n<em><strong>\u00bfQui\u00e9n se suma? S\u00e1bado 18\/2 a las 10 am&#8217;<\/strong><\/em>, expresa un de los tuits que public\u00f3 Vavrik.<\/p>\n","protected":false},"excerpt":{"rendered":"<p>Arrancar\u00e1 por la ma\u00f1ana de este s\u00e1bado desde Pareditas. La entrega de tierras a un grupo de autopercibidos mapuches gener\u00f3 indignaci\u00f3n &#8230;<\/p>\n","protected":false},"author":7,"featured_media":118639,"comment_status":"open","ping_status":"open","sticky":false,"template":"","format":"standard","meta":{"footnotes":""},"categories":[1],"tags":[],"class_list":["post-118636","post","type-post","status-publish","format-standard","has-post-thumbnail","hentry","category-fmvinas"],"_links":{"self":[{"href":"https:\/\/vinasfm.com\/noticias\/wp-json\/wp\/v2\/posts\/118636","targetHints":{"allow":["GET"]}}],"collection":[{"href":"https:\/\/vinasfm.com\/noticias\/wp-json\/wp\/v2\/posts"}],"about":[{"href":"https:\/\/vinasfm.com\/noticias\/wp-json\/wp\/v2\/types\/post"}],"author":[{"embeddable":true,"href":"https:\/\/vinasfm.com\/noticias\/wp-json\/wp\/v2\/users\/7"}],"replies":[{"embeddable":true,"href":"https:\/\/vinasfm.com\/noticias\/wp-json\/wp\/v2\/comments?post=118636"}],"version-history":[{"count":1,"href":"https:\/\/vinasfm.com\/noticias\/wp-json\/wp\/v2\/posts\/118636\/revisions"}],"predecessor-version":[{"id":118638,"href":"https:\/\/vinasfm.com\/noticias\/wp-json\/wp\/v2\/posts\/118636\/revisions\/118638"}],"wp:featuredmedia":[{"embeddable":true,"href":"https:\/\/vinasfm.com\/noticias\/wp-json\/wp\/v2\/media\/118639"}],"wp:attachment":[{"href":"https:\/\/vinasfm.com\/noticias\/wp-json\/wp\/v2\/media?parent=118636"}],"wp:term":[{"taxonomy":"category","embeddable":true,"href":"https:\/\/vinasfm.com\/noticias\/wp-json\/wp\/v2\/categories?post=118636"},{"taxonomy":"post_tag","embeddable":true,"href":"https:\/\/vinasfm.com\/noticias\/wp-json\/wp\/v2\/tags?post=118636"}],"curies":[{"name":"wp","href":"https:\/\/api.w.org\/{rel}","templated":true}]}}