{"id":118627,"date":"2023-02-17T12:19:55","date_gmt":"2023-02-17T15:19:55","guid":{"rendered":"https:\/\/vinasfm.com\/noticias\/?p=118627"},"modified":"2023-02-20T10:21:37","modified_gmt":"2023-02-20T13:21:37","slug":"se-viene-una-semana-cargada-de-actividades-para-disfrutar-en-nuestro-departamento","status":"publish","type":"post","link":"https:\/\/vinasfm.com\/noticias\/se-viene-una-semana-cargada-de-actividades-para-disfrutar-en-nuestro-departamento\/","title":{"rendered":"SE VIENE UNA SEMANA CARGADA DE ACTIVIDADES PARA DISFRUTAR EN NUESTRO DEPARTAMENTO"},"content":{"rendered":"<h4><strong>De cara a un nuevo fin de semana largo, la agenda cultural departamental ofrece diversas actividades para el disfrute de todos\u00a0<\/strong><\/h4>\n<p>Lo estableci\u00f3 la Directora de Cultura, Liana Piedrafita, primero habl\u00f3 sobre la cartelera del cine: <em><strong>&#8216;Anoche en el cine se estreno la pel\u00edcula Quantumania sobre Marvel parece ser muy esperada, este fin de semana que es largo estar\u00e1 en cartelera&#8217;<\/strong><\/em><\/p>\n<p><a href=\"https:\/\/vinasfm.com\/noticias\/wp-content\/uploads\/2023\/02\/331090504_148038737768474_2030237635277405135_n.jpg\"><img loading=\"lazy\" decoding=\"async\" class=\"wp-image-118628 aligncenter\" src=\"https:\/\/vinasfm.com\/noticias\/wp-content\/uploads\/2023\/02\/331090504_148038737768474_2030237635277405135_n.jpg\" alt=\"\" width=\"363\" height=\"363\" srcset=\"https:\/\/vinasfm.com\/noticias\/wp-content\/uploads\/2023\/02\/331090504_148038737768474_2030237635277405135_n.jpg 1080w, https:\/\/vinasfm.com\/noticias\/wp-content\/uploads\/2023\/02\/331090504_148038737768474_2030237635277405135_n-300x300.jpg 300w, https:\/\/vinasfm.com\/noticias\/wp-content\/uploads\/2023\/02\/331090504_148038737768474_2030237635277405135_n-1024x1024.jpg 1024w, https:\/\/vinasfm.com\/noticias\/wp-content\/uploads\/2023\/02\/331090504_148038737768474_2030237635277405135_n-150x150.jpg 150w, https:\/\/vinasfm.com\/noticias\/wp-content\/uploads\/2023\/02\/331090504_148038737768474_2030237635277405135_n-768x768.jpg 768w, https:\/\/vinasfm.com\/noticias\/wp-content\/uploads\/2023\/02\/331090504_148038737768474_2030237635277405135_n-360x360.jpg 360w, https:\/\/vinasfm.com\/noticias\/wp-content\/uploads\/2023\/02\/331090504_148038737768474_2030237635277405135_n-750x750.jpg 750w\" sizes=\"auto, (max-width: 363px) 100vw, 363px\" \/><\/a><\/p>\n<p>&nbsp;<\/p>\n<p>Luego agreg\u00f3 las actividades siguientes para el fin de semana incluyendo las de carnaval:<em><strong> &#8216;Luego el domingo tenemos el aniversario de San Pedro del Atuel y por ese motivo realizaremos la Peatonal el d\u00eda lunes 20 de febrero, ya estamos armando todo para poder disfrutar como siempre se hace en estos eventos y disfrutar tambi\u00e9n carnaval&#8217;\u00a0<\/strong><\/em><\/p>\n<p>Finalmente destac\u00f3 la participaci\u00f3n de General Alvear en la semana federal: <em><strong>&#8216;El martes 21 la Delegaci\u00f3n Art\u00edstica de Alvear viajara a Mendoza para estar en el Parque San Martin celebrando la Semana Federal representando a nuestro departamento para esta Vendimia 2023&#8217;<\/strong><\/em><\/p>\n<p>&nbsp;<\/p>\n","protected":false},"excerpt":{"rendered":"<p>De cara a un nuevo fin de semana largo, la agenda cultural departamental ofrece diversas actividades para el disfrute de todos\u00a0 &#8230;<\/p>\n","protected":false},"author":7,"featured_media":37249,"comment_status":"open","ping_status":"open","sticky":false,"template":"","format":"standard","meta":{"footnotes":""},"categories":[5,19],"tags":[],"class_list":["post-118627","post","type-post","status-publish","format-standard","has-post-thumbnail","hentry","category-actualidad","category-cultura"],"_links":{"self":[{"href":"https:\/\/vinasfm.com\/noticias\/wp-json\/wp\/v2\/posts\/118627","targetHints":{"allow":["GET"]}}],"collection":[{"href":"https:\/\/vinasfm.com\/noticias\/wp-json\/wp\/v2\/posts"}],"about":[{"href":"https:\/\/vinasfm.com\/noticias\/wp-json\/wp\/v2\/types\/post"}],"author":[{"embeddable":true,"href":"https:\/\/vinasfm.com\/noticias\/wp-json\/wp\/v2\/users\/7"}],"replies":[{"embeddable":true,"href":"https:\/\/vinasfm.com\/noticias\/wp-json\/wp\/v2\/comments?post=118627"}],"version-history":[{"count":2,"href":"https:\/\/vinasfm.com\/noticias\/wp-json\/wp\/v2\/posts\/118627\/revisions"}],"predecessor-version":[{"id":118630,"href":"https:\/\/vinasfm.com\/noticias\/wp-json\/wp\/v2\/posts\/118627\/revisions\/118630"}],"wp:featuredmedia":[{"embeddable":true,"href":"https:\/\/vinasfm.com\/noticias\/wp-json\/wp\/v2\/media\/37249"}],"wp:attachment":[{"href":"https:\/\/vinasfm.com\/noticias\/wp-json\/wp\/v2\/media?parent=118627"}],"wp:term":[{"taxonomy":"category","embeddable":true,"href":"https:\/\/vinasfm.com\/noticias\/wp-json\/wp\/v2\/categories?post=118627"},{"taxonomy":"post_tag","embeddable":true,"href":"https:\/\/vinasfm.com\/noticias\/wp-json\/wp\/v2\/tags?post=118627"}],"curies":[{"name":"wp","href":"https:\/\/api.w.org\/{rel}","templated":true}]}}