{"id":118623,"date":"2023-02-17T11:50:37","date_gmt":"2023-02-17T14:50:37","guid":{"rendered":"https:\/\/vinasfm.com\/noticias\/?p=118623"},"modified":"2023-02-20T09:45:37","modified_gmt":"2023-02-20T12:45:37","slug":"desde-este-viernes-rigen-los-corter-de-carne-baratos-cuanto-cuestan","status":"publish","type":"post","link":"https:\/\/vinasfm.com\/noticias\/desde-este-viernes-rigen-los-corter-de-carne-baratos-cuanto-cuestan\/","title":{"rendered":"DESDE EL VIERNES RIGEN LOS CORTER DE CARNE \u00abBARATOS\u00bb: CU\u00c1NTO CUESTAN"},"content":{"rendered":"<h3 class=\"description-boxed\"><strong>Se inicia el programa \u00abPrecios Justos Carne\u00bb, con rebajas de 30% en grandes cadenas de supermercados.<\/strong><\/h3>\n<p>El programa<b>\u00a0Precios Justos Carne<\/b>\u00a0se iniciar\u00e1 este viernes y regir\u00e1 hasta el 31 de marzo pr\u00f3ximo, con valores 30% menores en grandes cadenas de supermercados y reintegros del 10% en las compras en carnicer\u00edas y minimercados en los pagos con tarjetas de d\u00e9bito.<\/p>\n<p><b>Precios Justos Carne<\/b>\u00a0suplanta al anterior plan Cortes Cuidados y tendr\u00e1 como piso un volumen de 18.000 toneladas mensuales de carne vacuna de novillo para la venta en cadenas de supermercados con precios 30% inferiores a los del mercado.<\/p>\n<p>As\u00ed, desde este viernes el\u00a0<b>precio<\/b>\u00a0del asado ser\u00e1 de $ 1.031 el kilo, la nalga a $ 1.375, el matambre a $ 1.310, el vac\u00edo a $ 1.351, la falda a $ 675, la paleta a $ 1.113 y la tapa de asado a $ 1.035.<\/p>\n<p><a href=\"https:\/\/vinasfm.com\/noticias\/wp-content\/uploads\/2023\/02\/63ef60fa359e9.jpg\"><img loading=\"lazy\" decoding=\"async\" class=\"size-full wp-image-118625 aligncenter\" src=\"https:\/\/vinasfm.com\/noticias\/wp-content\/uploads\/2023\/02\/63ef60fa359e9.jpg\" alt=\"\" width=\"481\" height=\"680\" srcset=\"https:\/\/vinasfm.com\/noticias\/wp-content\/uploads\/2023\/02\/63ef60fa359e9.jpg 481w, https:\/\/vinasfm.com\/noticias\/wp-content\/uploads\/2023\/02\/63ef60fa359e9-212x300.jpg 212w\" sizes=\"auto, (max-width: 481px) 100vw, 481px\" \/><\/a><\/p>\n<p>Luego estos cortes, provistos mayormente por las empresas nucleadas en el Consorcio de Exportadores de Carne (ABC), tendr\u00e1n una pauta de aumento del 3,2% mensual hasta el 30 de junio.<\/p>\n<p>A esto se suma una promoci\u00f3n de descuentos del 35% los viernes y s\u00e1bados por parte del Banco Naci\u00f3n con sus tarjetas de cr\u00e9dito, d\u00e9bito y su aplicaci\u00f3n MODO, con un tope de reintegro de $ 3.000.<\/p>\n<p>&nbsp;<\/p>\n","protected":false},"excerpt":{"rendered":"<p>Se inicia el programa \u00abPrecios Justos Carne\u00bb, con rebajas de 30% en grandes cadenas de supermercados. El programa\u00a0Precios Justos Carne\u00a0se iniciar\u00e1 &#8230;<\/p>\n","protected":false},"author":7,"featured_media":101288,"comment_status":"open","ping_status":"open","sticky":false,"template":"","format":"standard","meta":{"footnotes":""},"categories":[1],"tags":[],"class_list":["post-118623","post","type-post","status-publish","format-standard","has-post-thumbnail","hentry","category-fmvinas"],"_links":{"self":[{"href":"https:\/\/vinasfm.com\/noticias\/wp-json\/wp\/v2\/posts\/118623","targetHints":{"allow":["GET"]}}],"collection":[{"href":"https:\/\/vinasfm.com\/noticias\/wp-json\/wp\/v2\/posts"}],"about":[{"href":"https:\/\/vinasfm.com\/noticias\/wp-json\/wp\/v2\/types\/post"}],"author":[{"embeddable":true,"href":"https:\/\/vinasfm.com\/noticias\/wp-json\/wp\/v2\/users\/7"}],"replies":[{"embeddable":true,"href":"https:\/\/vinasfm.com\/noticias\/wp-json\/wp\/v2\/comments?post=118623"}],"version-history":[{"count":3,"href":"https:\/\/vinasfm.com\/noticias\/wp-json\/wp\/v2\/posts\/118623\/revisions"}],"predecessor-version":[{"id":118673,"href":"https:\/\/vinasfm.com\/noticias\/wp-json\/wp\/v2\/posts\/118623\/revisions\/118673"}],"wp:featuredmedia":[{"embeddable":true,"href":"https:\/\/vinasfm.com\/noticias\/wp-json\/wp\/v2\/media\/101288"}],"wp:attachment":[{"href":"https:\/\/vinasfm.com\/noticias\/wp-json\/wp\/v2\/media?parent=118623"}],"wp:term":[{"taxonomy":"category","embeddable":true,"href":"https:\/\/vinasfm.com\/noticias\/wp-json\/wp\/v2\/categories?post=118623"},{"taxonomy":"post_tag","embeddable":true,"href":"https:\/\/vinasfm.com\/noticias\/wp-json\/wp\/v2\/tags?post=118623"}],"curies":[{"name":"wp","href":"https:\/\/api.w.org\/{rel}","templated":true}]}}