{"id":118615,"date":"2023-02-17T09:34:50","date_gmt":"2023-02-17T12:34:50","guid":{"rendered":"https:\/\/vinasfm.com\/noticias\/?p=118615"},"modified":"2023-02-20T09:02:58","modified_gmt":"2023-02-20T12:02:58","slug":"el-itu-cierra-sus-inscripciones","status":"publish","type":"post","link":"https:\/\/vinasfm.com\/noticias\/el-itu-cierra-sus-inscripciones\/","title":{"rendered":"EL ITU CERR\u00d3 SUS INSCRIPCIONES"},"content":{"rendered":"<h3>En el marco del inicio de clases en distintos niveles educativos, F.M VI\u00d1AS dialog\u00f3 con Marcos Caro, Coordinador del ITU, quien indic\u00f3 el cierre de inscripciones para el corriente a\u00f1o.<\/h3>\n<p>Hoy cierran las inscripciones a la Tecnicatura en Gesti\u00f3n de Empresas, carrera que ofrece el Instituto T\u00e9cnico Universitario en nuestro departamento. Los requisitos constan en presentar el certificado de secundario completo, foto del alumno ingresante y archivo digital del D.N.I, la inscripci\u00f3n se realiza de forma On-Line en su p\u00e1gina web\u00a0<a href=\"https:\/\/itu.uncuyo.edu.ar\/ingreso-inscripcion\"> https:\/\/itu.uncuyo.edu.ar\/ingreso-inscripcion<\/a> .<\/p>\n<p><em><b>&#8216;La carrera est\u00e1 dise\u00f1ada, pensada y ejercida para que el egresado pueda desempe\u00f1arse en cualquier tipo de actividad. Cuando hablamos de Gesti\u00f3n de Empresas tambi\u00e9n incluimos organizaciones de lo que sea, la idea que es el cuerpo de profesores realice un proceso de aprendizaje personalizado&#8217; <\/b><\/em>defini\u00f3 el Coordinador de la instituci\u00f3n.<\/p>\n<p>En los \u00faltimos a\u00f1os el t\u00edtulo otorgado a tomado mucho prestigio y por lo tanto es muy requerido en la zona,<strong><em> &#8216;nos da mucho orgullo, m\u00e1s del 90% de los egresados consiguen trabajo casi inmediatamente. Adem\u00e1s, tener el t\u00edtulo con el soporte de la UNCuyo brinda la posibilidad de crecer&#8217;<\/em> <\/strong>concluy\u00f3 Marcos Caro.<\/p>\n<p>&nbsp;<\/p>\n","protected":false},"excerpt":{"rendered":"<p>En el marco del inicio de clases en distintos niveles educativos, F.M VI\u00d1AS dialog\u00f3 con Marcos Caro, Coordinador del ITU, quien &#8230;<\/p>\n","protected":false},"author":7,"featured_media":118618,"comment_status":"open","ping_status":"open","sticky":false,"template":"","format":"standard","meta":{"footnotes":""},"categories":[5,18],"tags":[],"class_list":["post-118615","post","type-post","status-publish","format-standard","has-post-thumbnail","hentry","category-actualidad","category-educacion"],"_links":{"self":[{"href":"https:\/\/vinasfm.com\/noticias\/wp-json\/wp\/v2\/posts\/118615","targetHints":{"allow":["GET"]}}],"collection":[{"href":"https:\/\/vinasfm.com\/noticias\/wp-json\/wp\/v2\/posts"}],"about":[{"href":"https:\/\/vinasfm.com\/noticias\/wp-json\/wp\/v2\/types\/post"}],"author":[{"embeddable":true,"href":"https:\/\/vinasfm.com\/noticias\/wp-json\/wp\/v2\/users\/7"}],"replies":[{"embeddable":true,"href":"https:\/\/vinasfm.com\/noticias\/wp-json\/wp\/v2\/comments?post=118615"}],"version-history":[{"count":3,"href":"https:\/\/vinasfm.com\/noticias\/wp-json\/wp\/v2\/posts\/118615\/revisions"}],"predecessor-version":[{"id":118659,"href":"https:\/\/vinasfm.com\/noticias\/wp-json\/wp\/v2\/posts\/118615\/revisions\/118659"}],"wp:featuredmedia":[{"embeddable":true,"href":"https:\/\/vinasfm.com\/noticias\/wp-json\/wp\/v2\/media\/118618"}],"wp:attachment":[{"href":"https:\/\/vinasfm.com\/noticias\/wp-json\/wp\/v2\/media?parent=118615"}],"wp:term":[{"taxonomy":"category","embeddable":true,"href":"https:\/\/vinasfm.com\/noticias\/wp-json\/wp\/v2\/categories?post=118615"},{"taxonomy":"post_tag","embeddable":true,"href":"https:\/\/vinasfm.com\/noticias\/wp-json\/wp\/v2\/tags?post=118615"}],"curies":[{"name":"wp","href":"https:\/\/api.w.org\/{rel}","templated":true}]}}