{"id":118607,"date":"2023-02-17T08:58:13","date_gmt":"2023-02-17T11:58:13","guid":{"rendered":"https:\/\/vinasfm.com\/noticias\/?p=118607"},"modified":"2023-02-20T08:34:33","modified_gmt":"2023-02-20T11:34:33","slug":"cecsagal-positivo-analisis-de-la-temporada-de-verano","status":"publish","type":"post","link":"https:\/\/vinasfm.com\/noticias\/cecsagal-positivo-analisis-de-la-temporada-de-verano\/","title":{"rendered":"CECSAGAL: POSITIVO AN\u00c1LISIS DE LA TEMPORADA DE VERANO"},"content":{"rendered":"<h3 dir=\"ltr\">Desde la Cooperativa el\u00e9ctrica, se subraya que un acertado plan obras y el mantenimiento constante, son las claves para evitar inconvenientes durante las olas de calor.<\/h3>\n<p dir=\"ltr\">Tal como se esperaba, el comienzo del 2023 ha ofrecido d\u00edas de mucho calor, e inclusive se espera que antes que finalice el mes de febrero, las temperaturas vuelvan a rozar los 40 grados Cent\u00edgrados, lo que genera una gran demanda de energ\u00eda el\u00e9ctrica, que en muchas localidades ha provocado diversas problem\u00e1ticas relacionadas al suministro de la misma.<\/p>\n<p dir=\"ltr\"><a href=\"https:\/\/vinasfm.com\/noticias\/wp-content\/uploads\/2023\/02\/cecsagal_cambio_grua.jpg\"><img loading=\"lazy\" decoding=\"async\" class=\"wp-image-118611 aligncenter\" src=\"https:\/\/vinasfm.com\/noticias\/wp-content\/uploads\/2023\/02\/cecsagal_cambio_grua.jpg\" alt=\"\" width=\"600\" height=\"300\" srcset=\"https:\/\/vinasfm.com\/noticias\/wp-content\/uploads\/2023\/02\/cecsagal_cambio_grua.jpg 768w, https:\/\/vinasfm.com\/noticias\/wp-content\/uploads\/2023\/02\/cecsagal_cambio_grua-300x150.jpg 300w\" sizes=\"auto, (max-width: 600px) 100vw, 600px\" \/><\/a><\/p>\n<p dir=\"ltr\">Desde la Cooperativa El\u00e9ctrica Cecsagal, se se\u00f1ala que la ola de calor no ha generado inconvenientes en General Alvear y en el \u00e1rea de su cobertura, debido a las obras y al debido mantenimiento que el personal realiza a diario.<\/p>\n<p dir=\"ltr\"><strong><em>&#8216;Permanentemente venimos realizando obras, que permiten que pese a las altas temperaturas y a las olas de calor, que generan un incremento important\u00edsimo de consumo el\u00e9ctrico, no hayamos tenido inconvenientes o que fueran menores, porque si bien ha habido problemas de baja tensi\u00f3n, no de falta de suministro en los hogares o en la industria&#8230;&#8217;<\/em><\/strong>, se\u00f1al\u00f3 el Ingeniero Mauricio Iboldi, Jefe del \u00e1rea t\u00e9cnica de la Cooperativa.<\/p>\n<p dir=\"ltr\"><a href=\"https:\/\/vinasfm.com\/noticias\/wp-content\/uploads\/2023\/02\/cecsagal_pt_real_del_padre01-1-1024x577-1.jpg\"><img loading=\"lazy\" decoding=\"async\" class=\"wp-image-118612 aligncenter\" src=\"https:\/\/vinasfm.com\/noticias\/wp-content\/uploads\/2023\/02\/cecsagal_pt_real_del_padre01-1-1024x577-1.jpg\" alt=\"\" width=\"600\" height=\"338\" srcset=\"https:\/\/vinasfm.com\/noticias\/wp-content\/uploads\/2023\/02\/cecsagal_pt_real_del_padre01-1-1024x577-1.jpg 1024w, https:\/\/vinasfm.com\/noticias\/wp-content\/uploads\/2023\/02\/cecsagal_pt_real_del_padre01-1-1024x577-1-300x169.jpg 300w, https:\/\/vinasfm.com\/noticias\/wp-content\/uploads\/2023\/02\/cecsagal_pt_real_del_padre01-1-1024x577-1-768x433.jpg 768w\" sizes=\"auto, (max-width: 600px) 100vw, 600px\" \/><\/a><\/p>\n<p dir=\"ltr\"><strong><em>&#8216;Es sabido que los d\u00edas de mucho calor, es inevitable que se prendan muchos aires acondicionados, y son situaciones que hemos ido previendo desde hace bastante tiempo, con obras y proyectando el crecimiento de la demanda, 25 a\u00f1os a futuro. Hemos aprendido con el correr de los a\u00f1os, que en ning\u00fan momento hay que dejar de hacer obras ni de realizar el mantenimiento adecuado, porque esto no s\u00f3lo mejora los niveles de tensiones, sino que acelera tambi\u00e9n el tiempo de respuesta y achica los tiempos de las interrupciones, y hace posible que no tengamos los inconvenientes que han tenido otras ciudades&#8230;&#8217;<\/em><\/strong>, remarc\u00f3, al tiempo que indic\u00f3 que para este a\u00f1o, desde Cecsagal se ha planificado un nivel de obra que supera los 100 millones de pesos.<\/p>\n<div><\/div>\n","protected":false},"excerpt":{"rendered":"<p>Desde la Cooperativa el\u00e9ctrica, se subraya que un acertado plan obras y el mantenimiento constante, son las claves para evitar inconvenientes &#8230;<\/p>\n","protected":false},"author":7,"featured_media":118610,"comment_status":"open","ping_status":"open","sticky":false,"template":"","format":"standard","meta":{"footnotes":""},"categories":[5,60],"tags":[],"class_list":["post-118607","post","type-post","status-publish","format-standard","has-post-thumbnail","hentry","category-actualidad","category-cecsagal"],"_links":{"self":[{"href":"https:\/\/vinasfm.com\/noticias\/wp-json\/wp\/v2\/posts\/118607","targetHints":{"allow":["GET"]}}],"collection":[{"href":"https:\/\/vinasfm.com\/noticias\/wp-json\/wp\/v2\/posts"}],"about":[{"href":"https:\/\/vinasfm.com\/noticias\/wp-json\/wp\/v2\/types\/post"}],"author":[{"embeddable":true,"href":"https:\/\/vinasfm.com\/noticias\/wp-json\/wp\/v2\/users\/7"}],"replies":[{"embeddable":true,"href":"https:\/\/vinasfm.com\/noticias\/wp-json\/wp\/v2\/comments?post=118607"}],"version-history":[{"count":1,"href":"https:\/\/vinasfm.com\/noticias\/wp-json\/wp\/v2\/posts\/118607\/revisions"}],"predecessor-version":[{"id":118614,"href":"https:\/\/vinasfm.com\/noticias\/wp-json\/wp\/v2\/posts\/118607\/revisions\/118614"}],"wp:featuredmedia":[{"embeddable":true,"href":"https:\/\/vinasfm.com\/noticias\/wp-json\/wp\/v2\/media\/118610"}],"wp:attachment":[{"href":"https:\/\/vinasfm.com\/noticias\/wp-json\/wp\/v2\/media?parent=118607"}],"wp:term":[{"taxonomy":"category","embeddable":true,"href":"https:\/\/vinasfm.com\/noticias\/wp-json\/wp\/v2\/categories?post=118607"},{"taxonomy":"post_tag","embeddable":true,"href":"https:\/\/vinasfm.com\/noticias\/wp-json\/wp\/v2\/tags?post=118607"}],"curies":[{"name":"wp","href":"https:\/\/api.w.org\/{rel}","templated":true}]}}