{"id":118592,"date":"2023-02-16T11:38:26","date_gmt":"2023-02-16T14:38:26","guid":{"rendered":"https:\/\/vinasfm.com\/noticias\/?p=118592"},"modified":"2023-02-17T09:38:07","modified_gmt":"2023-02-17T12:38:07","slug":"curso-para-inspectores-as-de-cauce-y-tomeros-as-de-irrigacion-y-la-facultad-de-ciencias-agrarias-a-traves-de-su-escuela-de-oficios","status":"publish","type":"post","link":"https:\/\/vinasfm.com\/noticias\/curso-para-inspectores-as-de-cauce-y-tomeros-as-de-irrigacion-y-la-facultad-de-ciencias-agrarias-a-traves-de-su-escuela-de-oficios\/","title":{"rendered":"CURSO PARA INSPECTORES\/AS DE CAUCE Y TOMEROS\/AS DE IRRIGACI\u00d3N Y LA FACULTAD DE CIENCIAS AGRARIAS A TRAV\u00c9S DE SU ESCUELA DE OFICIOS"},"content":{"rendered":"<h3><strong>Ser\u00e1 en todas las cuencas de Mendoza. Las clases comenzar\u00e1n en un mes. Pueden inscribirse otras personas interesadas<\/strong><\/h3>\n<div>Con el objetivo de fortalecer conocimientos y competencias de actores claves en la distribuci\u00f3n del agua en la Provincia de Mendoza, el Departamento General de Irrigaci\u00f3n y la Facultad de Ciencias Agrarias lanzaron este martes 14 de febrero un curso destinado a Inspectores\/as de Cauce y Tomeros\/as, a trav\u00e9s de la Escuela de Oficios de esa casa de estudios.<\/div>\n<div><\/div>\n<div>El acto se realiz\u00f3 en la Facultad ubicada en Luj\u00e1n de Cuyo y represent\u00f3 la reedici\u00f3n del v\u00ednculo de trabajo que une desde hace varios a\u00f1os al organismo del agua y esta instituci\u00f3n acad\u00e9mica que conducen el Superintendente Sergio Marinelli y la Decana Mar\u00eda Flavia Filippini. Tambi\u00e9n estuvieron presentes la Jefa de Gabinete de Irrigaci\u00f3n, Marit\u00e9 Badui y los Subdelegados Marcelo Landini (cuenca del r\u00edo Mendoza) y Juan Pablo Villarruel; el vicedecano Juan Antonio Llera, la Secretaria de Vinculaci\u00f3n Jimena Estrella Orrego, el Secretario Administrativo Financiero, David Mart\u00edn y el responsable de la Coordinaci\u00f3n de Extensi\u00f3n, Guillermo Ander Egg. A ellos se sumaron Inspectores\/as de Cauce y Tomeros\/as de toda la provincia.<\/div>\n<div><\/div>\n<div>Irrigaci\u00f3n se propone continuar capacitando, tras la meta de mejorar el servicio de distribuci\u00f3n de agua desde la red secundaria de riego. As\u00ed naci\u00f3 el curso <em><strong>\u00abGesti\u00f3n Integrada de los Recursos H\u00eddricos\u00bb<\/strong><\/em>. La iniciativa surge como parte del eje de planificaci\u00f3n<em><strong> \u00abConstrucci\u00f3n de Gobernanza\u00bb<\/strong><\/em> y procura focalizar la formaci\u00f3n en aspectos claves para la gesti\u00f3n del agua de riego, con un fuerte contenido pr\u00e1ctico.<\/div>\n<div><\/div>\n<div>La propuesta est\u00e1 compuesta de tres jornadas que tienen como objetivo entender el marco institucional de la gesti\u00f3n del agua en Mendoza, abordar temas legales que influyen en la gesti\u00f3n del recurso h\u00eddrico y comprender la oferta del agua y su transformaci\u00f3n en un plan de erogaci\u00f3n. Se trata de la transferencia de conocimientos y habilidades necesarias para la gesti\u00f3n del agua en el \u00e1mbito de sus competencias.<\/div>\n<div><\/div>\n<div>Desde el a\u00f1o 2022, por Resoluci\u00f3n N\u00b0532 de Irrigaci\u00f3n, los Inspectores e Inspectoras que resultan electos deben hacer el curso \u00abGesti\u00f3n Integrada del Recurso H\u00eddrico\u00bb durante su mandato, y arbitrar los medios necesarios para garantizar la asistencia de los tomeros\/as a su cargo.<\/div>\n<div><\/div>\n<div>No obstante, tambi\u00e9n pueden inscribirse otras personas interesadas en el tema. El curso se dictar\u00e1 en todas las cuencas de la provincia y comenzar\u00e1 el 14 de marzo, en la del r\u00edo Mendoza. Los contenidos estar\u00e1n a cargo de profesionales de Irrigaci\u00f3n y de Agrarias.<\/div>\n<div><\/div>\n<div><b>Sobre el lanzamiento<\/b><\/div>\n<div><\/div>\n<div>\u00abGesti\u00f3n integrada del Recurso H\u00eddrico\u00bb es el primer curso que dictar\u00e1 la Escuela de Oficios de la Facultad de Ciencias Agrarias, una formaci\u00f3n en oficios que busca brindar competencias laborales orientada a desarrollar la capacidad de una persona para desempe\u00f1ar las actividades que componen una funci\u00f3n laboral, seg\u00fan los est\u00e1ndares y calidad esperados por los sectores demandantes de trabajadores.<\/div>\n<div><\/div>\n<div>La conferencia inaugural se llev\u00f3 a cabo este martes 14, a las 9.30, en el Aula de Posgrado de la Facultad de Ciencias Agrarias de la UNCuyo (Almirante Brown 500, Chacras de Coria, Luj\u00e1n de Cuyo). En la apertura se firm\u00f3 un convenio y Filippini dio la bienvenida: <em><strong>\u00abCon el Departamento General de Irrigaci\u00f3n tenemos una vinculaci\u00f3n extraordinaria, que nos beneficia a todos. Agradezco al Superintendente y a Irrigaci\u00f3n por trabajar conjuntamente y hoy poder inaugurar los cursos de la Escuela de Oficios, con este, sobre Gesti\u00f3n del Recurso H\u00eddrico. Para nosotros poder trabajar sobre legislaci\u00f3n, sobre gesti\u00f3n del recurso dentro de las fincas y aguas grises es muy gratificante. Todo lo que es referente a la gesti\u00f3n del agua en su totalidad nos apasiona\u00bb<\/strong><\/em>.<\/div>\n<div><\/div>\n<div><em><strong>\u00abAgradezco a la Decana y por su intermedio a la Facultad por brindar este espacio desde una Universidad p\u00fablica para la capacitaci\u00f3n y formaci\u00f3n en un tema tan importante como el agua. La sequ\u00eda vino para quedarse y necesariamente tenemos que apostar a la educaci\u00f3n mirando al futuro. Este curso est\u00e1 destinado a Inspectores y Tomeros porque son actores principales del sistema, son 13.000 kil\u00f3metros de canales en Mendoza que manejan ellos\u00bb<\/strong><\/em>, comenz\u00f3 diciendo Marinelli.<\/div>\n<div><\/div>\n<div><em><strong>\u00abEs fundamental descentralizar las decisiones, pero si uno lo hace sin dar los medios y condiciones, se transforma en un problema. Tiene que ser un traspaso con infraestructura, conocimiento y todo lo que sea necesario para que funcione. Le doy el mismo valor a este curso que al Plan Maestro en el que estamos trabajando con la empresa Mekorot. El mismo valor. Sin esto no se concreta (la capacitaci\u00f3n), el acuerdo con Mekorot es papel pintado, porque ustedes (Inspectores y Tomeros) son quienes lo ejecutar\u00e1n\u00bb<\/strong><\/em>, concluy\u00f3.<\/div>\n<div><\/div>\n<div>Posteriormente Ander Egg explic\u00f3 los objetivos y alcance de la Escuela de Oficios, y Schilardi ofreci\u00f3 una charla titulada <em><strong>\u00abEl riego agr\u00edcola frente a los desaf\u00edos del cambio clim\u00e1tico\u00bb<\/strong><\/em>.<\/div>\n<div><\/div>\n<div>Complet\u00f3 las exposiciones Marit\u00e9 Badui.\u00a0<em><strong> \u00abEste primer curso es para la cuenca del r\u00edo Mendoza y se va a desarrollar en las instalaciones de la Facultad de Ciencias Agrarias y de la ASIC Primera Zona, pero no es excluyente y lo pueden hacer Inspectores de todas las cuencas. El curso se llevar\u00e1 a cabo los d\u00edas 16, 23 y 30 de marzo, de 9 a 14 horas, con modalidad te\u00f3rico-pr\u00e1ctica. Luego se replicar\u00e1 en el resto de las cuencas. Agradezco la voluntad de venir ac\u00e1 y tomar este curso como una oportunidad para mejorar, intercambiar y plantear nuevas inquietudes, como as\u00ed tambi\u00e9n construir nuevos conocimientos a partir de las dificultades diarias que ustedes conocen. Agradecemos a todos los que han hecho posible la realizaci\u00f3n de este curso, desde la Facultad y desde Irrigaci\u00f3n\u00bb<\/strong><\/em>.<\/div>\n","protected":false},"excerpt":{"rendered":"<p>Ser\u00e1 en todas las cuencas de Mendoza. Las clases comenzar\u00e1n en un mes. Pueden inscribirse otras personas interesadas Con el objetivo &#8230;<\/p>\n","protected":false},"author":7,"featured_media":118593,"comment_status":"open","ping_status":"open","sticky":false,"template":"","format":"standard","meta":{"footnotes":""},"categories":[5,10],"tags":[],"class_list":["post-118592","post","type-post","status-publish","format-standard","has-post-thumbnail","hentry","category-actualidad","category-destacadas"],"_links":{"self":[{"href":"https:\/\/vinasfm.com\/noticias\/wp-json\/wp\/v2\/posts\/118592","targetHints":{"allow":["GET"]}}],"collection":[{"href":"https:\/\/vinasfm.com\/noticias\/wp-json\/wp\/v2\/posts"}],"about":[{"href":"https:\/\/vinasfm.com\/noticias\/wp-json\/wp\/v2\/types\/post"}],"author":[{"embeddable":true,"href":"https:\/\/vinasfm.com\/noticias\/wp-json\/wp\/v2\/users\/7"}],"replies":[{"embeddable":true,"href":"https:\/\/vinasfm.com\/noticias\/wp-json\/wp\/v2\/comments?post=118592"}],"version-history":[{"count":2,"href":"https:\/\/vinasfm.com\/noticias\/wp-json\/wp\/v2\/posts\/118592\/revisions"}],"predecessor-version":[{"id":118622,"href":"https:\/\/vinasfm.com\/noticias\/wp-json\/wp\/v2\/posts\/118592\/revisions\/118622"}],"wp:featuredmedia":[{"embeddable":true,"href":"https:\/\/vinasfm.com\/noticias\/wp-json\/wp\/v2\/media\/118593"}],"wp:attachment":[{"href":"https:\/\/vinasfm.com\/noticias\/wp-json\/wp\/v2\/media?parent=118592"}],"wp:term":[{"taxonomy":"category","embeddable":true,"href":"https:\/\/vinasfm.com\/noticias\/wp-json\/wp\/v2\/categories?post=118592"},{"taxonomy":"post_tag","embeddable":true,"href":"https:\/\/vinasfm.com\/noticias\/wp-json\/wp\/v2\/tags?post=118592"}],"curies":[{"name":"wp","href":"https:\/\/api.w.org\/{rel}","templated":true}]}}