{"id":118562,"date":"2023-02-15T11:58:49","date_gmt":"2023-02-15T14:58:49","guid":{"rendered":"https:\/\/vinasfm.com\/noticias\/?p=118562"},"modified":"2023-02-16T12:06:59","modified_gmt":"2023-02-16T15:06:59","slug":"15-de-febrero-amarillo-dia-internacional-de-lucha-contra-el-cancer-infantil","status":"publish","type":"post","link":"https:\/\/vinasfm.com\/noticias\/15-de-febrero-amarillo-dia-internacional-de-lucha-contra-el-cancer-infantil\/","title":{"rendered":"15 DE FEBRERO AMARILLO, D\u00cdA INTERNACIONAL DE LUCHA CONTRA EL C\u00c1NCER INFANTIL"},"content":{"rendered":"<h3>El 15 de Febrero es el D\u00eda Internacional de Lucha conta el C\u00e1ncer Infantil, que tiene como objetivo sensibilizar y concientizar sobre esta enfermedad que atraviesan ni\u00f1os, ni\u00f1as y adolescentes.<\/h3>\n<p>Afortunadamente, contamos con una <strong>Ley de Oncopediatr\u00eda<\/strong>, que fue impulsada por Gisella Bello y su hija Luana. La ley que abarca todo el territorio nacional ya estaba reglamentada en Mendoza desde 2022.<\/p>\n<p>En conmemoraci\u00f3n a este d\u00eda, se inaugur\u00f3 un nuevo <strong>\u00abCoraz\u00f3n Solidario\u00bb<\/strong>, que funciona como recolector de tapitas pl\u00e1sticas que se transforman en un recurso econ\u00f3mico, siendo material oncol\u00f3gico destinado al <strong>Hospital Pedi\u00e1trico Dr. Humberto Notti.<\/strong> El nuevo coraz\u00f3n met\u00e1lico se encuentra en la <strong>Plaza Alejo Vladimir Abutcov<\/strong> de Carmensa, de esta forma todo el departamento cuenta con un lugar para aportar su granito de arena en esta lucha.<\/p>\n<p><a href=\"https:\/\/vinasfm.com\/noticias\/wp-content\/uploads\/2023\/02\/WhatsApp-Image-2023-02-15-at-11.50.46.jpeg\"><img loading=\"lazy\" decoding=\"async\" class=\"wp-image-118564 aligncenter\" src=\"https:\/\/vinasfm.com\/noticias\/wp-content\/uploads\/2023\/02\/WhatsApp-Image-2023-02-15-at-11.50.46.jpeg\" alt=\"\" width=\"600\" height=\"338\" srcset=\"https:\/\/vinasfm.com\/noticias\/wp-content\/uploads\/2023\/02\/WhatsApp-Image-2023-02-15-at-11.50.46.jpeg 1156w, https:\/\/vinasfm.com\/noticias\/wp-content\/uploads\/2023\/02\/WhatsApp-Image-2023-02-15-at-11.50.46-300x169.jpeg 300w, https:\/\/vinasfm.com\/noticias\/wp-content\/uploads\/2023\/02\/WhatsApp-Image-2023-02-15-at-11.50.46-1024x577.jpeg 1024w, https:\/\/vinasfm.com\/noticias\/wp-content\/uploads\/2023\/02\/WhatsApp-Image-2023-02-15-at-11.50.46-768x432.jpeg 768w, https:\/\/vinasfm.com\/noticias\/wp-content\/uploads\/2023\/02\/WhatsApp-Image-2023-02-15-at-11.50.46-1140x641.jpeg 1140w\" sizes=\"auto, (max-width: 600px) 100vw, 600px\" \/><\/a><\/p>\n<p><strong><em>&#8216;Es importante acompa\u00f1ar a los ni\u00f1os y sus familias. Necesitan que seamos consientes de donar sangre, en su primero per\u00edodo de tratamiento se requiere mayormente de plaquetas y gl\u00f3bulos rojo. En cualquier pate del mundo pueden necesitar de nuestra sangre y con tan solo un acto voluntario podemos salvar una vida&#8217;\u00a0<\/em><\/strong>fue parte del discurso de Gisella Bello, que concluy\u00f3 reflexionando sobre la Ley de Oncopediatr\u00eda; <em><strong>&#8216;queremos que los ciudadanos sepan que existe esta ley, es un granito de arena que viene a ayudar a las familias a afrontar esta enfermedad&#8217;.<\/strong><\/em><\/p>\n<p>El pasado jueves se reglament\u00f3 la Ley Nacional, ma\u00f1ana tanto padre como el INCUCAI y dem\u00e1s ministerios se reunir\u00e1n para terminar de \u00abafinar\u00bb lo necesario y sea publicada en el Bolet\u00edn Oficial.<\/p>\n<h6>G. Vallejos.<\/h6>\n","protected":false},"excerpt":{"rendered":"<p>El 15 de Febrero es el D\u00eda Internacional de Lucha conta el C\u00e1ncer Infantil, que tiene como objetivo sensibilizar y concientizar &#8230;<\/p>\n","protected":false},"author":7,"featured_media":118563,"comment_status":"open","ping_status":"open","sticky":false,"template":"","format":"standard","meta":{"footnotes":""},"categories":[5,15],"tags":[],"class_list":["post-118562","post","type-post","status-publish","format-standard","has-post-thumbnail","hentry","category-actualidad","category-salud"],"_links":{"self":[{"href":"https:\/\/vinasfm.com\/noticias\/wp-json\/wp\/v2\/posts\/118562","targetHints":{"allow":["GET"]}}],"collection":[{"href":"https:\/\/vinasfm.com\/noticias\/wp-json\/wp\/v2\/posts"}],"about":[{"href":"https:\/\/vinasfm.com\/noticias\/wp-json\/wp\/v2\/types\/post"}],"author":[{"embeddable":true,"href":"https:\/\/vinasfm.com\/noticias\/wp-json\/wp\/v2\/users\/7"}],"replies":[{"embeddable":true,"href":"https:\/\/vinasfm.com\/noticias\/wp-json\/wp\/v2\/comments?post=118562"}],"version-history":[{"count":1,"href":"https:\/\/vinasfm.com\/noticias\/wp-json\/wp\/v2\/posts\/118562\/revisions"}],"predecessor-version":[{"id":118565,"href":"https:\/\/vinasfm.com\/noticias\/wp-json\/wp\/v2\/posts\/118562\/revisions\/118565"}],"wp:featuredmedia":[{"embeddable":true,"href":"https:\/\/vinasfm.com\/noticias\/wp-json\/wp\/v2\/media\/118563"}],"wp:attachment":[{"href":"https:\/\/vinasfm.com\/noticias\/wp-json\/wp\/v2\/media?parent=118562"}],"wp:term":[{"taxonomy":"category","embeddable":true,"href":"https:\/\/vinasfm.com\/noticias\/wp-json\/wp\/v2\/categories?post=118562"},{"taxonomy":"post_tag","embeddable":true,"href":"https:\/\/vinasfm.com\/noticias\/wp-json\/wp\/v2\/tags?post=118562"}],"curies":[{"name":"wp","href":"https:\/\/api.w.org\/{rel}","templated":true}]}}