{"id":118558,"date":"2023-02-15T09:55:18","date_gmt":"2023-02-15T12:55:18","guid":{"rendered":"https:\/\/vinasfm.com\/noticias\/?p=118558"},"modified":"2023-02-16T11:58:14","modified_gmt":"2023-02-16T14:58:14","slug":"sequia-ganaderos-surenos-piden-que-no-inmovilicen-animales-para-la-vacunacion","status":"publish","type":"post","link":"https:\/\/vinasfm.com\/noticias\/sequia-ganaderos-surenos-piden-que-no-inmovilicen-animales-para-la-vacunacion\/","title":{"rendered":"SEQU\u00cdA: GANADEROS SURE\u00d1OS PIDEN QUE NO INMOVILICEN ANIMALES PARA LA VACUNACI\u00d3N"},"content":{"rendered":"<h3>Las c\u00e1maras productivas de San Rafael y Alvear junto con el Cluster Ganadero y la Coprosamen elevaron una nota al SENASA para pedirle al organismo nacional que no impida el movimiento del ganado durante la \u00e9poca de vacunaci\u00f3n contra la aftosa. Es que la disposici\u00f3n del organismo nacional plantea la necesidad de retener a los animales durante 21 d\u00edas para inocularlos.<\/h3>\n<p>Los argumentos de los productores sure\u00f1os<strong><em> se centran en relaci\u00f3n a la sequ\u00eda y la falta de alimento en los campos. El encierro puede generar problemas en una \u00e9poca de parici\u00f3n y destete de animales, e incluso se habla de posibilidad de p\u00e9rdida de vientres por mortandad.<\/em><\/strong><br \/>\nEncerrar a los animales podr\u00eda agravar la condici\u00f3n actual en la que se encuentran los mismos, es por eso que los ganaderos argumentan la necesidad de \u201cmover\u201d a los terneros ya sea para la venta o para llevarlos a un nuevo lugar con condiciones para la buena alimentaci\u00f3n.<br \/>\n<strong><em>La campa\u00f1a de vacunaci\u00f3n comienz\u00f3 el lunes 13 febrero y desde los productores plantean que la movilidad de ganado no comprometer\u00eda el status sanitario<\/em><\/strong>, teniendo en cuenta que hace a\u00f1os se viene cumpliendo con la vacunaci\u00f3n y que nuestra zona no es propicia para el desarrollo de la fiebre aftosa.<\/p>\n","protected":false},"excerpt":{"rendered":"<p>Las c\u00e1maras productivas de San Rafael y Alvear junto con el Cluster Ganadero y la Coprosamen elevaron una nota al SENASA &#8230;<\/p>\n","protected":false},"author":7,"featured_media":1950,"comment_status":"open","ping_status":"open","sticky":false,"template":"","format":"standard","meta":{"footnotes":""},"categories":[5,14],"tags":[],"class_list":["post-118558","post","type-post","status-publish","format-standard","has-post-thumbnail","hentry","category-actualidad","category-agro"],"_links":{"self":[{"href":"https:\/\/vinasfm.com\/noticias\/wp-json\/wp\/v2\/posts\/118558","targetHints":{"allow":["GET"]}}],"collection":[{"href":"https:\/\/vinasfm.com\/noticias\/wp-json\/wp\/v2\/posts"}],"about":[{"href":"https:\/\/vinasfm.com\/noticias\/wp-json\/wp\/v2\/types\/post"}],"author":[{"embeddable":true,"href":"https:\/\/vinasfm.com\/noticias\/wp-json\/wp\/v2\/users\/7"}],"replies":[{"embeddable":true,"href":"https:\/\/vinasfm.com\/noticias\/wp-json\/wp\/v2\/comments?post=118558"}],"version-history":[{"count":1,"href":"https:\/\/vinasfm.com\/noticias\/wp-json\/wp\/v2\/posts\/118558\/revisions"}],"predecessor-version":[{"id":118559,"href":"https:\/\/vinasfm.com\/noticias\/wp-json\/wp\/v2\/posts\/118558\/revisions\/118559"}],"wp:featuredmedia":[{"embeddable":true,"href":"https:\/\/vinasfm.com\/noticias\/wp-json\/wp\/v2\/media\/1950"}],"wp:attachment":[{"href":"https:\/\/vinasfm.com\/noticias\/wp-json\/wp\/v2\/media?parent=118558"}],"wp:term":[{"taxonomy":"category","embeddable":true,"href":"https:\/\/vinasfm.com\/noticias\/wp-json\/wp\/v2\/categories?post=118558"},{"taxonomy":"post_tag","embeddable":true,"href":"https:\/\/vinasfm.com\/noticias\/wp-json\/wp\/v2\/tags?post=118558"}],"curies":[{"name":"wp","href":"https:\/\/api.w.org\/{rel}","templated":true}]}}