{"id":118553,"date":"2023-02-15T09:46:07","date_gmt":"2023-02-15T12:46:07","guid":{"rendered":"https:\/\/vinasfm.com\/noticias\/?p=118553"},"modified":"2023-02-16T11:46:36","modified_gmt":"2023-02-16T14:46:36","slug":"fuerte-accidente-en-ruta-188-a-la-altura-de-la-mora","status":"publish","type":"post","link":"https:\/\/vinasfm.com\/noticias\/fuerte-accidente-en-ruta-188-a-la-altura-de-la-mora\/","title":{"rendered":"FUERTE ACCIDENTE EN RUTA 188, A LA ALTURA DE LA MORA"},"content":{"rendered":"<h3>Un accidente se produjo hace minutos en Ruta Nacional 188 km 715.<\/h3>\n<p>Un hombre y dos mujeres resultaron lesionados en un fuerte choque que se produjo en la ma\u00f1ana del mi\u00e9rcoles, cerca de las 7, en la ruta nacional 188 a la altura del paraje La Mora, en General Alvear. El siniestro vial fue protagonizado por un autom\u00f3vil marca Toyota Yaris que se trasladaba por la mencionada ruta hacia el este y, por causas que se investigan, embisti\u00f3 desde atr\u00e1s a un cami\u00f3n.<\/p>\n<p>Como consecuencia del fuerte impacto, el Toyota result\u00f3 seriamente da\u00f1ado en su estructura (foto) y sus ocupantes resultaron con lesiones, por lo que tuvieron que ser asistidos por el servicio de emergencia.<\/p>\n<p><a href=\"https:\/\/vinasfm.com\/noticias\/wp-content\/uploads\/2023\/02\/WhatsApp-Image-2023-02-15-at-09.35.31-1.jpeg\"><img loading=\"lazy\" decoding=\"async\" class=\"alignnone wp-image-118555\" src=\"https:\/\/vinasfm.com\/noticias\/wp-content\/uploads\/2023\/02\/WhatsApp-Image-2023-02-15-at-09.35.31-1.jpeg\" alt=\"\" width=\"360\" height=\"640\" srcset=\"https:\/\/vinasfm.com\/noticias\/wp-content\/uploads\/2023\/02\/WhatsApp-Image-2023-02-15-at-09.35.31-1.jpeg 900w, https:\/\/vinasfm.com\/noticias\/wp-content\/uploads\/2023\/02\/WhatsApp-Image-2023-02-15-at-09.35.31-1-169x300.jpeg 169w, https:\/\/vinasfm.com\/noticias\/wp-content\/uploads\/2023\/02\/WhatsApp-Image-2023-02-15-at-09.35.31-1-576x1024.jpeg 576w, https:\/\/vinasfm.com\/noticias\/wp-content\/uploads\/2023\/02\/WhatsApp-Image-2023-02-15-at-09.35.31-1-768x1365.jpeg 768w, https:\/\/vinasfm.com\/noticias\/wp-content\/uploads\/2023\/02\/WhatsApp-Image-2023-02-15-at-09.35.31-1-864x1536.jpeg 864w\" sizes=\"auto, (max-width: 360px) 100vw, 360px\" \/><\/a> <a href=\"https:\/\/vinasfm.com\/noticias\/wp-content\/uploads\/2023\/02\/WhatsApp-Image-2023-02-15-at-09.35.31.jpeg\"><img loading=\"lazy\" decoding=\"async\" class=\"alignnone wp-image-118556\" src=\"https:\/\/vinasfm.com\/noticias\/wp-content\/uploads\/2023\/02\/WhatsApp-Image-2023-02-15-at-09.35.31.jpeg\" alt=\"\" width=\"360\" height=\"640\" srcset=\"https:\/\/vinasfm.com\/noticias\/wp-content\/uploads\/2023\/02\/WhatsApp-Image-2023-02-15-at-09.35.31.jpeg 900w, https:\/\/vinasfm.com\/noticias\/wp-content\/uploads\/2023\/02\/WhatsApp-Image-2023-02-15-at-09.35.31-169x300.jpeg 169w, https:\/\/vinasfm.com\/noticias\/wp-content\/uploads\/2023\/02\/WhatsApp-Image-2023-02-15-at-09.35.31-576x1024.jpeg 576w, https:\/\/vinasfm.com\/noticias\/wp-content\/uploads\/2023\/02\/WhatsApp-Image-2023-02-15-at-09.35.31-768x1365.jpeg 768w, https:\/\/vinasfm.com\/noticias\/wp-content\/uploads\/2023\/02\/WhatsApp-Image-2023-02-15-at-09.35.31-864x1536.jpeg 864w\" sizes=\"auto, (max-width: 360px) 100vw, 360px\" \/><\/a><\/p>\n<p>Los tres lesionados fueron derivados al hospital Enfermeros Argentinos, de General Alvear. All\u00ed, al conductor \u2013un hombre de 41 a\u00f1os- y a una de sus acompa\u00f1antes \u2013de 35- le diagnosticaron politraumatismos y escoriaciones. En tanto, la otra mujer que viajaba en el veh\u00edculo, una mujer de 75 a\u00f1os, sufri\u00f3 politraumatismos, fractura de mu\u00f1eca y una importante herida en el rostro, por lo que qued\u00f3 internada en el citado nosocomio.<br \/>\nSeg\u00fan ocasionales testigos, el conductor del Toyota pudo haberse encandilado con el sol, que a esa hora sal\u00eda con fuerza desde el este, por lo que no habr\u00eda observado al cami\u00f3n y termin\u00f3 impact\u00e1ndolo.<\/p>\n","protected":false},"excerpt":{"rendered":"<p>Un accidente se produjo hace minutos en Ruta Nacional 188 km 715. Un hombre y dos mujeres resultaron lesionados en un &#8230;<\/p>\n","protected":false},"author":7,"featured_media":118554,"comment_status":"open","ping_status":"open","sticky":false,"template":"","format":"standard","meta":{"footnotes":""},"categories":[5,184],"tags":[],"class_list":["post-118553","post","type-post","status-publish","format-standard","has-post-thumbnail","hentry","category-actualidad","category-siniestro-vial"],"_links":{"self":[{"href":"https:\/\/vinasfm.com\/noticias\/wp-json\/wp\/v2\/posts\/118553","targetHints":{"allow":["GET"]}}],"collection":[{"href":"https:\/\/vinasfm.com\/noticias\/wp-json\/wp\/v2\/posts"}],"about":[{"href":"https:\/\/vinasfm.com\/noticias\/wp-json\/wp\/v2\/types\/post"}],"author":[{"embeddable":true,"href":"https:\/\/vinasfm.com\/noticias\/wp-json\/wp\/v2\/users\/7"}],"replies":[{"embeddable":true,"href":"https:\/\/vinasfm.com\/noticias\/wp-json\/wp\/v2\/comments?post=118553"}],"version-history":[{"count":4,"href":"https:\/\/vinasfm.com\/noticias\/wp-json\/wp\/v2\/posts\/118553\/revisions"}],"predecessor-version":[{"id":118581,"href":"https:\/\/vinasfm.com\/noticias\/wp-json\/wp\/v2\/posts\/118553\/revisions\/118581"}],"wp:featuredmedia":[{"embeddable":true,"href":"https:\/\/vinasfm.com\/noticias\/wp-json\/wp\/v2\/media\/118554"}],"wp:attachment":[{"href":"https:\/\/vinasfm.com\/noticias\/wp-json\/wp\/v2\/media?parent=118553"}],"wp:term":[{"taxonomy":"category","embeddable":true,"href":"https:\/\/vinasfm.com\/noticias\/wp-json\/wp\/v2\/categories?post=118553"},{"taxonomy":"post_tag","embeddable":true,"href":"https:\/\/vinasfm.com\/noticias\/wp-json\/wp\/v2\/tags?post=118553"}],"curies":[{"name":"wp","href":"https:\/\/api.w.org\/{rel}","templated":true}]}}