{"id":118548,"date":"2023-02-15T09:35:32","date_gmt":"2023-02-15T12:35:32","guid":{"rendered":"https:\/\/vinasfm.com\/noticias\/?p=118548"},"modified":"2023-02-16T11:48:11","modified_gmt":"2023-02-16T14:48:11","slug":"ya-llega-la-semana-federal","status":"publish","type":"post","link":"https:\/\/vinasfm.com\/noticias\/ya-llega-la-semana-federal\/","title":{"rendered":"YA LLEGA LA SEMANA FEDERAL"},"content":{"rendered":"<h3>Desde el domingo 19, los departamentos mendocinos se encontrar\u00e1n en el Prado Espa\u00f1ol del Parque General San Mart\u00edn para compartir sus tradiciones y cultura. Con la organizaci\u00f3n del Ministerio de Cultura y Turismo, en el marco de Temporada Vendimia, habr\u00e1 m\u00fasica, danza, puestos de comida, artesanos y emprendedores,\u00a0<em>stands\u00a0<\/em>de informaci\u00f3n y promoci\u00f3n regional, institucional y cultural de Mendoza.<\/h3>\n<p>La Directora de Turismo, Fabiana Gonz\u00e1les la defini\u00f3 como <strong><em>&#8216;una semana at\u00edpica&#8217;<\/em><\/strong> porque por primera vez se hace en el Parque General San Mart\u00edn. Esta Semana Federal, que coincide con los d\u00edas de carnaval, se realizar\u00e1<em><strong> desde el domingo 19 al jueves 24 por la noche<\/strong><\/em>.<\/p>\n<p>Todas las noches Alvear contar\u00e1 con un stand con degustaciones gastron\u00f3micas y la participaci\u00f3n de productores. <strong><em>&#8216;Por primera vez la provincia abri\u00f3 las puertas a chefs y restaurantes habilitados, que estuviesen inscriptos en el Ente Turismo Mendoza, para poder ofrecer porciones de comida a precios racionables, entre $1000 y $2000&#8217;<\/em><\/strong> expres\u00f3 Gonz\u00e1les.<\/p>\n<p>Dentro de la Semana Federal, Alvear tendr\u00e1 su noche el martes 21 donde por 35 minutos realizar\u00e1n una presentaci\u00f3n de lo vivido en Vendimia Viva el 4 de febrero. El mismo d\u00eda compartir\u00e1n espacio con las delegaciones de Jun\u00edn y Luj\u00e1n de Cuyo.<\/p>\n","protected":false},"excerpt":{"rendered":"<p>Desde el domingo 19, los departamentos mendocinos se encontrar\u00e1n en el Prado Espa\u00f1ol del Parque General San Mart\u00edn para compartir sus &#8230;<\/p>\n","protected":false},"author":7,"featured_media":118550,"comment_status":"open","ping_status":"open","sticky":false,"template":"","format":"standard","meta":{"footnotes":""},"categories":[5,25],"tags":[],"class_list":["post-118548","post","type-post","status-publish","format-standard","has-post-thumbnail","hentry","category-actualidad","category-vendimia"],"_links":{"self":[{"href":"https:\/\/vinasfm.com\/noticias\/wp-json\/wp\/v2\/posts\/118548","targetHints":{"allow":["GET"]}}],"collection":[{"href":"https:\/\/vinasfm.com\/noticias\/wp-json\/wp\/v2\/posts"}],"about":[{"href":"https:\/\/vinasfm.com\/noticias\/wp-json\/wp\/v2\/types\/post"}],"author":[{"embeddable":true,"href":"https:\/\/vinasfm.com\/noticias\/wp-json\/wp\/v2\/users\/7"}],"replies":[{"embeddable":true,"href":"https:\/\/vinasfm.com\/noticias\/wp-json\/wp\/v2\/comments?post=118548"}],"version-history":[{"count":1,"href":"https:\/\/vinasfm.com\/noticias\/wp-json\/wp\/v2\/posts\/118548\/revisions"}],"predecessor-version":[{"id":118549,"href":"https:\/\/vinasfm.com\/noticias\/wp-json\/wp\/v2\/posts\/118548\/revisions\/118549"}],"wp:featuredmedia":[{"embeddable":true,"href":"https:\/\/vinasfm.com\/noticias\/wp-json\/wp\/v2\/media\/118550"}],"wp:attachment":[{"href":"https:\/\/vinasfm.com\/noticias\/wp-json\/wp\/v2\/media?parent=118548"}],"wp:term":[{"taxonomy":"category","embeddable":true,"href":"https:\/\/vinasfm.com\/noticias\/wp-json\/wp\/v2\/categories?post=118548"},{"taxonomy":"post_tag","embeddable":true,"href":"https:\/\/vinasfm.com\/noticias\/wp-json\/wp\/v2\/tags?post=118548"}],"curies":[{"name":"wp","href":"https:\/\/api.w.org\/{rel}","templated":true}]}}