{"id":118546,"date":"2023-02-15T09:33:23","date_gmt":"2023-02-15T12:33:23","guid":{"rendered":"https:\/\/vinasfm.com\/noticias\/?p=118546"},"modified":"2023-02-16T09:56:37","modified_gmt":"2023-02-16T12:56:37","slug":"se-viene-la-segunda-edicion-del-torneo-vendimia-de-hockey-femenino","status":"publish","type":"post","link":"https:\/\/vinasfm.com\/noticias\/se-viene-la-segunda-edicion-del-torneo-vendimia-de-hockey-femenino\/","title":{"rendered":"SE VIENE LA SEGUNDA EDICI\u00d3N DEL TORNEO VENDIMIA DE HOCKEY FEMENINO"},"content":{"rendered":"<h3><strong>General Alvear se prepara nuevamente para recibir a diferentes delegaciones del pa\u00eds que disputaran el segundo Torneo Vendimia de Hockey organizado por el Sport Club Pac\u00edfico.<\/strong><\/h3>\n<p>El a\u00f1o pasado la cancha Macarena Rodr\u00edguez de nuestro departamento fue escenario del 1\u00ba Torneo Nacional Femenino de Hockey Vendimia, organizado nuevamente por el equipo de hockey femenino del S.C. Pac\u00edfico, con excelentes resultados este a\u00f1o nuevamente se realizara.<\/p>\n<p>As\u00ed lo anuncio el Director de Deporte de la comuna Jorge P\u00e1ez: <em><strong>&#8216;Este fin de semana, dentro de las actividades deportivas tenemos un torneo de hockey titulado \u00abTorneo Vendimia\u00bb organizado por las chicas del Sport Club Pac\u00edfico, un torneo que se empez\u00f3 a formar el a\u00f1o pasado con una iniciativa muy buena por parte del equipo junto a su entrenador y dio un gran resultado, mucha gente que vino de diferentes partes tambi\u00e9n se sumaron los equipos locales, para esta nueva edici\u00f3n han estado trabajando muy firme para que salga todo de la mejor manera&#8217;<\/strong><\/em><\/p>\n<p>Por su parte Viky Cayul, parte del SCP (Sport Club Pac\u00edfico) en di\u00e1logo con FM VI\u00d1AS detall\u00f3 acerca de los equipos que visitaran el departamento: <em><strong>&#8216;Vienen equipos desde Neuqu\u00e9n, Buenos Aires, San Juan, San Luis un torneo muy grande que se realizara en la cancha de Hockey que se encuentra detr\u00e1s del Polideportivo llamado Macarena Rodr\u00edguez, el torneo ser\u00e1 del 19 al 20 de febrero desde las 10hs&#8217;.<\/strong><\/em><\/p>\n<h6>L. Lucero.<\/h6>\n","protected":false},"excerpt":{"rendered":"<p>General Alvear se prepara nuevamente para recibir a diferentes delegaciones del pa\u00eds que disputaran el segundo Torneo Vendimia de Hockey organizado &#8230;<\/p>\n","protected":false},"author":7,"featured_media":118552,"comment_status":"open","ping_status":"open","sticky":false,"template":"","format":"standard","meta":{"footnotes":""},"categories":[5,3],"tags":[],"class_list":["post-118546","post","type-post","status-publish","format-standard","has-post-thumbnail","hentry","category-actualidad","category-deportes"],"_links":{"self":[{"href":"https:\/\/vinasfm.com\/noticias\/wp-json\/wp\/v2\/posts\/118546","targetHints":{"allow":["GET"]}}],"collection":[{"href":"https:\/\/vinasfm.com\/noticias\/wp-json\/wp\/v2\/posts"}],"about":[{"href":"https:\/\/vinasfm.com\/noticias\/wp-json\/wp\/v2\/types\/post"}],"author":[{"embeddable":true,"href":"https:\/\/vinasfm.com\/noticias\/wp-json\/wp\/v2\/users\/7"}],"replies":[{"embeddable":true,"href":"https:\/\/vinasfm.com\/noticias\/wp-json\/wp\/v2\/comments?post=118546"}],"version-history":[{"count":2,"href":"https:\/\/vinasfm.com\/noticias\/wp-json\/wp\/v2\/posts\/118546\/revisions"}],"predecessor-version":[{"id":118567,"href":"https:\/\/vinasfm.com\/noticias\/wp-json\/wp\/v2\/posts\/118546\/revisions\/118567"}],"wp:featuredmedia":[{"embeddable":true,"href":"https:\/\/vinasfm.com\/noticias\/wp-json\/wp\/v2\/media\/118552"}],"wp:attachment":[{"href":"https:\/\/vinasfm.com\/noticias\/wp-json\/wp\/v2\/media?parent=118546"}],"wp:term":[{"taxonomy":"category","embeddable":true,"href":"https:\/\/vinasfm.com\/noticias\/wp-json\/wp\/v2\/categories?post=118546"},{"taxonomy":"post_tag","embeddable":true,"href":"https:\/\/vinasfm.com\/noticias\/wp-json\/wp\/v2\/tags?post=118546"}],"curies":[{"name":"wp","href":"https:\/\/api.w.org\/{rel}","templated":true}]}}