{"id":118538,"date":"2023-02-14T11:46:51","date_gmt":"2023-02-14T14:46:51","guid":{"rendered":"https:\/\/vinasfm.com\/noticias\/?p=118538"},"modified":"2023-02-16T09:01:24","modified_gmt":"2023-02-16T12:01:24","slug":"alvear-se-tine-de-carnaval","status":"publish","type":"post","link":"https:\/\/vinasfm.com\/noticias\/alvear-se-tine-de-carnaval\/","title":{"rendered":"ALVEAR SE TI\u00d1E DE CARNAVAL"},"content":{"rendered":"<h3>La costanera se prepara para 4 d\u00edas de carnaval a pura fiesta. Todas las noches con un espect\u00e1culo distinto.<\/h3>\n<p>Las actividades comienzan el viernes 17 y concluir\u00e1n el martes 21. <strong><em>&#8216;Tendremos espect\u00e1culos y atracciones distintas, juegos para entender que el carnaval es festejo&#8217;<\/em> <\/strong>destac\u00f3 la Directora de Turismo, Fabiana Gonz\u00e1les.<\/p>\n<p><a href=\"https:\/\/vinasfm.com\/noticias\/wp-content\/uploads\/2023\/02\/WhatsApp-Image-2023-02-14-at-10.50.43.jpeg\"><img loading=\"lazy\" decoding=\"async\" class=\"wp-image-118539 aligncenter\" src=\"https:\/\/vinasfm.com\/noticias\/wp-content\/uploads\/2023\/02\/WhatsApp-Image-2023-02-14-at-10.50.43.jpeg\" alt=\"\" width=\"600\" height=\"680\" srcset=\"https:\/\/vinasfm.com\/noticias\/wp-content\/uploads\/2023\/02\/WhatsApp-Image-2023-02-14-at-10.50.43.jpeg 1081w, https:\/\/vinasfm.com\/noticias\/wp-content\/uploads\/2023\/02\/WhatsApp-Image-2023-02-14-at-10.50.43-265x300.jpeg 265w, https:\/\/vinasfm.com\/noticias\/wp-content\/uploads\/2023\/02\/WhatsApp-Image-2023-02-14-at-10.50.43-903x1024.jpeg 903w, https:\/\/vinasfm.com\/noticias\/wp-content\/uploads\/2023\/02\/WhatsApp-Image-2023-02-14-at-10.50.43-768x871.jpeg 768w\" sizes=\"auto, (max-width: 600px) 100vw, 600px\" \/><\/a><\/p>\n<p>En este contexto, Gonz\u00e1les hizo un resumen de lo que fue una temporada r\u00e9cord en Costanera Alvear:<strong><em> &#8216;le hemos dando mayor importancia a nuestros artistas locales durante todo el verano, hay bandas que son muy costosas y hemos decidido que esa inversi\u00f3n quede en el departamento&#8217;. <\/em><\/strong>En cuanto al cierre de esta exitosa temporada, especulan realizar un mix, el pr\u00f3ximo 25 de febrero, de todo lo vivido a lo largo del verano.<\/p>\n","protected":false},"excerpt":{"rendered":"<p>La costanera se prepara para 4 d\u00edas de carnaval a pura fiesta. Todas las noches con un espect\u00e1culo distinto. Las actividades &#8230;<\/p>\n","protected":false},"author":7,"featured_media":118543,"comment_status":"open","ping_status":"open","sticky":false,"template":"","format":"standard","meta":{"footnotes":""},"categories":[5,19],"tags":[],"class_list":["post-118538","post","type-post","status-publish","format-standard","has-post-thumbnail","hentry","category-actualidad","category-cultura"],"_links":{"self":[{"href":"https:\/\/vinasfm.com\/noticias\/wp-json\/wp\/v2\/posts\/118538","targetHints":{"allow":["GET"]}}],"collection":[{"href":"https:\/\/vinasfm.com\/noticias\/wp-json\/wp\/v2\/posts"}],"about":[{"href":"https:\/\/vinasfm.com\/noticias\/wp-json\/wp\/v2\/types\/post"}],"author":[{"embeddable":true,"href":"https:\/\/vinasfm.com\/noticias\/wp-json\/wp\/v2\/users\/7"}],"replies":[{"embeddable":true,"href":"https:\/\/vinasfm.com\/noticias\/wp-json\/wp\/v2\/comments?post=118538"}],"version-history":[{"count":1,"href":"https:\/\/vinasfm.com\/noticias\/wp-json\/wp\/v2\/posts\/118538\/revisions"}],"predecessor-version":[{"id":118542,"href":"https:\/\/vinasfm.com\/noticias\/wp-json\/wp\/v2\/posts\/118538\/revisions\/118542"}],"wp:featuredmedia":[{"embeddable":true,"href":"https:\/\/vinasfm.com\/noticias\/wp-json\/wp\/v2\/media\/118543"}],"wp:attachment":[{"href":"https:\/\/vinasfm.com\/noticias\/wp-json\/wp\/v2\/media?parent=118538"}],"wp:term":[{"taxonomy":"category","embeddable":true,"href":"https:\/\/vinasfm.com\/noticias\/wp-json\/wp\/v2\/categories?post=118538"},{"taxonomy":"post_tag","embeddable":true,"href":"https:\/\/vinasfm.com\/noticias\/wp-json\/wp\/v2\/tags?post=118538"}],"curies":[{"name":"wp","href":"https:\/\/api.w.org\/{rel}","templated":true}]}}