{"id":118532,"date":"2023-02-14T11:47:30","date_gmt":"2023-02-14T14:47:30","guid":{"rendered":"https:\/\/vinasfm.com\/noticias\/?p=118532"},"modified":"2023-02-16T09:35:40","modified_gmt":"2023-02-16T12:35:40","slug":"47o-edicion-de-la-vuelta-de-mendoza-general-alvear-sera-anfitrion-de-la-segunda-etapa","status":"publish","type":"post","link":"https:\/\/vinasfm.com\/noticias\/47o-edicion-de-la-vuelta-de-mendoza-general-alvear-sera-anfitrion-de-la-segunda-etapa\/","title":{"rendered":"47\u00ba EDICI\u00d3N DE \u00abLA VUELTA DE MENDOZA\u00bb: GENERAL ALVEAR SER\u00c1 ANFITRI\u00d3N DE LA SEGUNDA ETAPA"},"content":{"rendered":"<h3><strong>Buenas noticias para deporte local, este caso el ciclismo tendr\u00e1 la segunda etapa de \u00abLa Vuelta de Mendoza\u00bb, la edici\u00f3n 47\u00ba que comenzar\u00e1 el pr\u00f3ximo 18 de febrero en Parque Benegas (Godoy Cruz) donde se presentaran los equipos y luego comenzaran a competir, en primer lugar por las clasificatorias y luego con la final donde se conocer\u00e1 al primer l\u00edder general.<\/strong><\/h3>\n<p>Es as\u00ed como el Director de Deporte de nuestro departamento, Jorge P\u00e1ez, hablo acerca de lo que se viene para el departamento a nivel deportivo:<em><strong> &#8216;Tenemos novedades sobre el ciclismo de ruta, algo que siempre espera la gente de Alvear es la Vuelta de Mendoza, en este caso en la edici\u00f3n 47\u00ba hemos podido lograr que la segunda etapa largue desde General Alvear&#8217;<\/strong><\/em><\/p>\n<p>Es por eso que detallo el recorrido que realizaran los ciclistas: <em><strong>&#8216;Largaran espec\u00edficamente desde la Municipalidad, va a girar hacia el monumento luego doblaran por la derecha en Calle Santa Fe, retomaran por la Avenida hacia Calle G donde bajaran hasta Agust\u00edn \u00c1lvarez hasta Uspallata y desde ah\u00ed saldr\u00e1n nuevamente a la Avenida lo har\u00e1n en 4 oportunidades&#8217;<\/strong><\/em><\/p>\n<p>Las etapas en total son 8, las dem\u00e1s se correr\u00e1n en los departamentos de San Carlos \u2013 Tupungato \u2013 Tunuy\u00e1n \u2013 Manzano Hist\u00f3rico, La Paz- Santa Rosa, Rivadavia \u2013 San Mart\u00edn \u2013 Maip\u00fa, Aero Internet (Luj\u00e1n) \u2013 Maip\u00fa \u2013 Godoy Cruz, Uspallata \u2013 Cristo Redentor, Jun\u00edn \u2013 Guaymall\u00e9n<\/p>\n<p>Asimismo el Director de la comuna local invito a todos a participar de esta actividad: <em><strong>&#8216;Nos pone muy contentos esto que hemos logrado, estamos trabajando para que sea un gran espect\u00e1culo, los esperamos e invitamos a todos para el lunes 20 a las 14:30&#8217;<\/strong><\/em><\/p>\n","protected":false},"excerpt":{"rendered":"<p>Buenas noticias para deporte local, este caso el ciclismo tendr\u00e1 la segunda etapa de \u00abLa Vuelta de Mendoza\u00bb, la edici\u00f3n 47\u00ba &#8230;<\/p>\n","protected":false},"author":7,"featured_media":118541,"comment_status":"open","ping_status":"open","sticky":false,"template":"","format":"standard","meta":{"footnotes":""},"categories":[5,3],"tags":[],"class_list":["post-118532","post","type-post","status-publish","format-standard","has-post-thumbnail","hentry","category-actualidad","category-deportes"],"_links":{"self":[{"href":"https:\/\/vinasfm.com\/noticias\/wp-json\/wp\/v2\/posts\/118532","targetHints":{"allow":["GET"]}}],"collection":[{"href":"https:\/\/vinasfm.com\/noticias\/wp-json\/wp\/v2\/posts"}],"about":[{"href":"https:\/\/vinasfm.com\/noticias\/wp-json\/wp\/v2\/types\/post"}],"author":[{"embeddable":true,"href":"https:\/\/vinasfm.com\/noticias\/wp-json\/wp\/v2\/users\/7"}],"replies":[{"embeddable":true,"href":"https:\/\/vinasfm.com\/noticias\/wp-json\/wp\/v2\/comments?post=118532"}],"version-history":[{"count":4,"href":"https:\/\/vinasfm.com\/noticias\/wp-json\/wp\/v2\/posts\/118532\/revisions"}],"predecessor-version":[{"id":118568,"href":"https:\/\/vinasfm.com\/noticias\/wp-json\/wp\/v2\/posts\/118532\/revisions\/118568"}],"wp:featuredmedia":[{"embeddable":true,"href":"https:\/\/vinasfm.com\/noticias\/wp-json\/wp\/v2\/media\/118541"}],"wp:attachment":[{"href":"https:\/\/vinasfm.com\/noticias\/wp-json\/wp\/v2\/media?parent=118532"}],"wp:term":[{"taxonomy":"category","embeddable":true,"href":"https:\/\/vinasfm.com\/noticias\/wp-json\/wp\/v2\/categories?post=118532"},{"taxonomy":"post_tag","embeddable":true,"href":"https:\/\/vinasfm.com\/noticias\/wp-json\/wp\/v2\/tags?post=118532"}],"curies":[{"name":"wp","href":"https:\/\/api.w.org\/{rel}","templated":true}]}}