{"id":118496,"date":"2023-02-13T11:37:53","date_gmt":"2023-02-13T14:37:53","guid":{"rendered":"https:\/\/vinasfm.com\/noticias\/?p=118496"},"modified":"2023-02-14T11:48:01","modified_gmt":"2023-02-14T14:48:01","slug":"rutas-velocidad-y-accidentes-lo-que-dejo-el-fin-de-semana","status":"publish","type":"post","link":"https:\/\/vinasfm.com\/noticias\/rutas-velocidad-y-accidentes-lo-que-dejo-el-fin-de-semana\/","title":{"rendered":"RUTAS, VELOCIDAD Y ACCIDENTES: LO QUE DEJ\u00d3 EL FIN DE SEMANA"},"content":{"rendered":"<h4>Dos dos desafortunados\u00a0accidentes se produjeron el pasado fin de semana, dejando como saldo un fallecido y varios heridos.<\/h4>\n<p>El primero de ellos se produjo el s\u00e1bado por la noche en la ruta 143, casi a la altura del paraje La Olla, en Real del Padre. All\u00ed, y de acuerdo a la informaci\u00f3n oficial, un autom\u00f3vil marca Mercedes Benz C200 Kompressor <em><strong>que circulaba por la ruta con direcci\u00f3n al oeste<\/strong> <\/em>colision\u00f3 a Rub\u00e9n Barbito (35) que se desplazaba en una bicicleta todo terreno marca Specialized rodado 26 de color rojo, <strong><em>que viajaba con mismo sentido de orientaci\u00f3n vehicular.<\/em> <\/strong>A consecuencia del fuerte impacto, el ciclista \u2013 que no ten\u00eda ninguna documentaci\u00f3n- <strong>perdi\u00f3 la vida<\/strong>. En el lugar se le practic\u00f3 el dosaje de alcohol al conductor del Mercedes, el cual arroj\u00f3 resultado negativo.<\/p>\n<p>El segundo se produjo minutos despu\u00e9s en ruta 188 y calle 13, en jurisdicci\u00f3n del distrito de Bowen. All\u00ed, y por causas que se investigan, <em><strong>una Ford Eco Sport de color bord\u00f3 que circulaba por la ruta Nacional hacia el este volc\u00f3 y termin\u00f3 impactando contra un \u00e1rbol que existe en el lugar.<\/strong> <\/em>Como consecuencia, los cuatro ocupantes del rodado debieron ser rescatados del interior del rodado por personal policial y de bomberos, ya que se encontraban atrapados entre los hierros retorcidos.<\/p>\n<p><a href=\"https:\/\/vinasfm.com\/noticias\/wp-content\/uploads\/2023\/02\/IMG-20230212-WA0019.webp\"><img loading=\"lazy\" decoding=\"async\" class=\"size-full wp-image-118500 aligncenter\" src=\"https:\/\/vinasfm.com\/noticias\/wp-content\/uploads\/2023\/02\/IMG-20230212-WA0019.webp\" alt=\"\" width=\"526\" height=\"526\" srcset=\"https:\/\/vinasfm.com\/noticias\/wp-content\/uploads\/2023\/02\/IMG-20230212-WA0019.webp 526w, https:\/\/vinasfm.com\/noticias\/wp-content\/uploads\/2023\/02\/IMG-20230212-WA0019-300x300.webp 300w, https:\/\/vinasfm.com\/noticias\/wp-content\/uploads\/2023\/02\/IMG-20230212-WA0019-150x150.webp 150w, https:\/\/vinasfm.com\/noticias\/wp-content\/uploads\/2023\/02\/IMG-20230212-WA0019-360x360.webp 360w\" sizes=\"auto, (max-width: 526px) 100vw, 526px\" \/><\/a><\/p>\n<p>En primera instancia, todos fueron derivados al nosocomio local. All\u00ed, al conductor -un hombre de apellido Morales (45)-, se le diagnostic\u00f3 fractura de la quinta y sexta v\u00e9rtebra, por lo que se orden\u00f3 su trasladado al hospital Schestakow, de San Rafael.<\/p>\n<p>En tanto, uno de los acompa\u00f1antes (un hombre de 59 a\u00f1os de apellido P\u00e9rez) present\u00f3 fractura de v\u00e9rtebra dorsal y politraumatismos, por lo que tambi\u00e9n fue derivado al Schestakow.<\/p>\n<p>Los otros dos ocupantes de la Eco Sport (32 y 45 a\u00f1os) presentaron politraumatismos leves y escoriaciones, por lo que quedaron internados en observaci\u00f3n en el Hospital Enfermeros Argentinos.<\/p>\n<p>&nbsp;<\/p>\n","protected":false},"excerpt":{"rendered":"<p>Dos dos desafortunados\u00a0accidentes se produjeron el pasado fin de semana, dejando como saldo un fallecido y varios heridos. El primero de &#8230;<\/p>\n","protected":false},"author":7,"featured_media":118502,"comment_status":"open","ping_status":"open","sticky":false,"template":"","format":"standard","meta":{"footnotes":""},"categories":[5,184],"tags":[],"class_list":["post-118496","post","type-post","status-publish","format-standard","has-post-thumbnail","hentry","category-actualidad","category-siniestro-vial"],"_links":{"self":[{"href":"https:\/\/vinasfm.com\/noticias\/wp-json\/wp\/v2\/posts\/118496","targetHints":{"allow":["GET"]}}],"collection":[{"href":"https:\/\/vinasfm.com\/noticias\/wp-json\/wp\/v2\/posts"}],"about":[{"href":"https:\/\/vinasfm.com\/noticias\/wp-json\/wp\/v2\/types\/post"}],"author":[{"embeddable":true,"href":"https:\/\/vinasfm.com\/noticias\/wp-json\/wp\/v2\/users\/7"}],"replies":[{"embeddable":true,"href":"https:\/\/vinasfm.com\/noticias\/wp-json\/wp\/v2\/comments?post=118496"}],"version-history":[{"count":1,"href":"https:\/\/vinasfm.com\/noticias\/wp-json\/wp\/v2\/posts\/118496\/revisions"}],"predecessor-version":[{"id":118501,"href":"https:\/\/vinasfm.com\/noticias\/wp-json\/wp\/v2\/posts\/118496\/revisions\/118501"}],"wp:featuredmedia":[{"embeddable":true,"href":"https:\/\/vinasfm.com\/noticias\/wp-json\/wp\/v2\/media\/118502"}],"wp:attachment":[{"href":"https:\/\/vinasfm.com\/noticias\/wp-json\/wp\/v2\/media?parent=118496"}],"wp:term":[{"taxonomy":"category","embeddable":true,"href":"https:\/\/vinasfm.com\/noticias\/wp-json\/wp\/v2\/categories?post=118496"},{"taxonomy":"post_tag","embeddable":true,"href":"https:\/\/vinasfm.com\/noticias\/wp-json\/wp\/v2\/tags?post=118496"}],"curies":[{"name":"wp","href":"https:\/\/api.w.org\/{rel}","templated":true}]}}