{"id":118488,"date":"2023-02-13T11:07:50","date_gmt":"2023-02-13T14:07:50","guid":{"rendered":"https:\/\/vinasfm.com\/noticias\/?p=118488"},"modified":"2023-02-14T11:12:05","modified_gmt":"2023-02-14T14:12:05","slug":"jose-moran-e-inadi-que-pasa-con-los-mapuches-en-mendoza","status":"publish","type":"post","link":"https:\/\/vinasfm.com\/noticias\/jose-moran-e-inadi-que-pasa-con-los-mapuches-en-mendoza\/","title":{"rendered":"JOS\u00c9 MORAN E INAI \u00bfQU\u00c9 PASA CON LOS MAPUCHES EN MENDOZA?"},"content":{"rendered":"<h4><strong>El Presidente del Bloque Radical, Jos\u00e9 Mor\u00e1n, habl\u00f3 sobre los conflictos que esta viviendo la provincia con las tierras que quieren otorgarle a los Mapuches\u00a0<\/strong><\/h4>\n<p>En primer lugar opin\u00f3 sobre el accionar que tomo el Inai: <em><strong>&#8216;Nos preocupa mucho el accionar que tomo el Inai donde han reconocido mediante una resoluci\u00f3n que es la 47\/2023 donde da el reconocimiento y posesi\u00f3n de tierras a las comunidades mapuche, esto nos tiene preocupados porque en ese procedimientos administrativos que se ha llevado adelante mediante el Inai hay varios errores e irregularidades, primero y principal porque estas comunidades no tienen documentos donde se asienta que tuvieron historia en la provincia de Mendoza&#8217;\u00a0\u00a0<\/strong><\/em><\/p>\n<p><em><strong>&#8216;Toda la historia de Mendoza tiene documentada sobre los pueblos originarios que poblaron la provincia, Puelches, Huarpes y Pehuenches&#8217;<\/strong><\/em><\/p>\n<p>A ra\u00edz de esto sigui\u00f3 enumerando las irregularidades: <em><strong>&#8216;No se ha tenido encuenta la participaci\u00f3n de la provincia, mediante la Ley 26.160 se habla sobre la importancia que tiene que tener Mendoza en este tipo de procedimiento, tampoco se ha tenido encuenta los fallos que ha tenido la provincia, el Inai no ha considerado la justicia de Mendoza como as\u00ed tambi\u00e9n el requisito de tener una personalidad jur\u00eddica, es indispensable para dar el reconocimiento de las tierras&#8217;<\/strong><\/em><\/p>\n<p><em><strong>&#8216;Otro de los puntos importantes es que hay una inversi\u00f3n millonaria sobre estas tierras, hay una zona petrolera donde hay producci\u00f3n de YPF esto hace que se les est\u00e9n dando hoy por hoy 50 pozos activos, una producci\u00f3n muy importante que estar\u00eda teniendo Mendoza en la actualidad&#8217;<\/strong><\/em> Agreg\u00f3 el actual Presidente del Bloque Radical Departamental Jos\u00e9 Moran<\/p>\n<p>&nbsp;<\/p>\n","protected":false},"excerpt":{"rendered":"<p>El Presidente del Bloque Radical, Jos\u00e9 Mor\u00e1n, habl\u00f3 sobre los conflictos que esta viviendo la provincia con las tierras que quieren &#8230;<\/p>\n","protected":false},"author":7,"featured_media":118490,"comment_status":"open","ping_status":"open","sticky":false,"template":"","format":"standard","meta":{"footnotes":""},"categories":[5,10],"tags":[],"class_list":["post-118488","post","type-post","status-publish","format-standard","has-post-thumbnail","hentry","category-actualidad","category-destacadas"],"_links":{"self":[{"href":"https:\/\/vinasfm.com\/noticias\/wp-json\/wp\/v2\/posts\/118488","targetHints":{"allow":["GET"]}}],"collection":[{"href":"https:\/\/vinasfm.com\/noticias\/wp-json\/wp\/v2\/posts"}],"about":[{"href":"https:\/\/vinasfm.com\/noticias\/wp-json\/wp\/v2\/types\/post"}],"author":[{"embeddable":true,"href":"https:\/\/vinasfm.com\/noticias\/wp-json\/wp\/v2\/users\/7"}],"replies":[{"embeddable":true,"href":"https:\/\/vinasfm.com\/noticias\/wp-json\/wp\/v2\/comments?post=118488"}],"version-history":[{"count":3,"href":"https:\/\/vinasfm.com\/noticias\/wp-json\/wp\/v2\/posts\/118488\/revisions"}],"predecessor-version":[{"id":118499,"href":"https:\/\/vinasfm.com\/noticias\/wp-json\/wp\/v2\/posts\/118488\/revisions\/118499"}],"wp:featuredmedia":[{"embeddable":true,"href":"https:\/\/vinasfm.com\/noticias\/wp-json\/wp\/v2\/media\/118490"}],"wp:attachment":[{"href":"https:\/\/vinasfm.com\/noticias\/wp-json\/wp\/v2\/media?parent=118488"}],"wp:term":[{"taxonomy":"category","embeddable":true,"href":"https:\/\/vinasfm.com\/noticias\/wp-json\/wp\/v2\/categories?post=118488"},{"taxonomy":"post_tag","embeddable":true,"href":"https:\/\/vinasfm.com\/noticias\/wp-json\/wp\/v2\/tags?post=118488"}],"curies":[{"name":"wp","href":"https:\/\/api.w.org\/{rel}","templated":true}]}}