{"id":118487,"date":"2023-02-13T10:37:56","date_gmt":"2023-02-13T13:37:56","guid":{"rendered":"https:\/\/vinasfm.com\/noticias\/?p=118487"},"modified":"2023-02-14T10:07:19","modified_gmt":"2023-02-14T13:07:19","slug":"el-pasado-viernes-se-mantuvo-una-reunion-con-el-intendete-por-el-trasvase-al-rio-atuel-la-situacion-hidirca-es-el-tema-pricipal","status":"publish","type":"post","link":"https:\/\/vinasfm.com\/noticias\/el-pasado-viernes-se-mantuvo-una-reunion-con-el-intendete-por-el-trasvase-al-rio-atuel-la-situacion-hidirca-es-el-tema-pricipal\/","title":{"rendered":"EL PASADO VIERNES SE MANTUVO UNA REUNI\u00d3N CON EL INTENDETE POR EL TRASVASE AL R\u00cdO ATUEL: &#8216;LA SITUACI\u00d3N HIDR\u00cdCA ES EL TEMA PRICIPAL&#8217;"},"content":{"rendered":"<h4>&#8216;Estamos pasando una situaci\u00f3n muy compleja con el agua, por eso estamos trabajando en el trasvase&#8217; reflexion\u00f3 Occius en torno a la reuni\u00f3n que mantuvieron con el Intendente Walther Marcolini. El trasvase del R\u00edo Grande al R\u00edo Atuel es un tema de vieja data que tiene en vilo a gran parte de la provincia.<\/h4>\n<p><strong><em>&#8216;Hoy se nos est\u00e1n secando cultivos de a\u00f1os, tenemos un\u00a0 gran problema con el agua sumado a estas temperaturas que no ayudan&#8217;<\/em> <\/strong>expres\u00f3 Occius. En el encuentro se tocaron puntos espec\u00edficos respecto al trasvase al R\u00edo Atuel: <strong><em>&#8216;no hay un proyecto ejecutivo sobre la obra, hay que tratar de presionar de la mejor manera. Queremos desarrollar el departamento pero sin agua estamos muy limitados&#8217;.\u00a0<\/em><\/strong><\/p>\n<p>En la reuni\u00f3n tambi\u00e9n se trat\u00f3 la impermeabilizaci\u00f3n de causes, <strong><em>&#8216;hoy estamos perdiendo un importante porcentaje, entonces tenemos que solucionarlo&#8217;.<\/em><\/strong> Las perdidas que se producen en los canales de riego significan un gran golpe en relaci\u00f3n a la crisis h\u00eddrica que atraviesa la provincia.<\/p>\n<p>En la reuni\u00f3n tambi\u00e9n estuvo presente el Pte. de la C\u00e1mara de Comercio, Jorge Noguerol;<em><strong> &#8216;estamos frente a una batalla que va a ser dura, el Intendente nos manifest\u00f3 no despegarse nunca de lo que se\u00a0 est\u00e1 pidiendo. Pero nos preocupa de sobre manera el \u00abmientras tanto\u00bb, la pelea de fondo es el trasvase pero pueden suceder muchas cosas en el medio&#8217;<\/strong><\/em>.<\/p>\n","protected":false},"excerpt":{"rendered":"<p>&#8216;Estamos pasando una situaci\u00f3n muy compleja con el agua, por eso estamos trabajando en el trasvase&#8217; reflexion\u00f3 Occius en torno a &#8230;<\/p>\n","protected":false},"author":7,"featured_media":80008,"comment_status":"open","ping_status":"open","sticky":false,"template":"","format":"standard","meta":{"footnotes":""},"categories":[5,10],"tags":[],"class_list":["post-118487","post","type-post","status-publish","format-standard","has-post-thumbnail","hentry","category-actualidad","category-destacadas"],"_links":{"self":[{"href":"https:\/\/vinasfm.com\/noticias\/wp-json\/wp\/v2\/posts\/118487","targetHints":{"allow":["GET"]}}],"collection":[{"href":"https:\/\/vinasfm.com\/noticias\/wp-json\/wp\/v2\/posts"}],"about":[{"href":"https:\/\/vinasfm.com\/noticias\/wp-json\/wp\/v2\/types\/post"}],"author":[{"embeddable":true,"href":"https:\/\/vinasfm.com\/noticias\/wp-json\/wp\/v2\/users\/7"}],"replies":[{"embeddable":true,"href":"https:\/\/vinasfm.com\/noticias\/wp-json\/wp\/v2\/comments?post=118487"}],"version-history":[{"count":3,"href":"https:\/\/vinasfm.com\/noticias\/wp-json\/wp\/v2\/posts\/118487\/revisions"}],"predecessor-version":[{"id":118495,"href":"https:\/\/vinasfm.com\/noticias\/wp-json\/wp\/v2\/posts\/118487\/revisions\/118495"}],"wp:featuredmedia":[{"embeddable":true,"href":"https:\/\/vinasfm.com\/noticias\/wp-json\/wp\/v2\/media\/80008"}],"wp:attachment":[{"href":"https:\/\/vinasfm.com\/noticias\/wp-json\/wp\/v2\/media?parent=118487"}],"wp:term":[{"taxonomy":"category","embeddable":true,"href":"https:\/\/vinasfm.com\/noticias\/wp-json\/wp\/v2\/categories?post=118487"},{"taxonomy":"post_tag","embeddable":true,"href":"https:\/\/vinasfm.com\/noticias\/wp-json\/wp\/v2\/tags?post=118487"}],"curies":[{"name":"wp","href":"https:\/\/api.w.org\/{rel}","templated":true}]}}