{"id":118476,"date":"2023-02-13T09:30:36","date_gmt":"2023-02-13T12:30:36","guid":{"rendered":"https:\/\/vinasfm.com\/noticias\/?p=118476"},"modified":"2023-02-14T08:55:36","modified_gmt":"2023-02-14T11:55:36","slug":"la-obra-titulada-andate-amor-mio-fue-un-total-exito","status":"publish","type":"post","link":"https:\/\/vinasfm.com\/noticias\/la-obra-titulada-andate-amor-mio-fue-un-total-exito\/","title":{"rendered":"LA OBRA TITULADA \u00abANDATE AMOR M\u00cdO\u00bb FUE UN TOTAL \u00c9XITO"},"content":{"rendered":"<h4><strong>La obra de teatro del verano protagonizada por Germ\u00e1n Kraus y Silvia Peyrou, junto a un elenco de actores mendocinos, anoche deslumbr\u00f3 al p\u00fablico, que no par\u00f3 de divertirse durante toda la puesta en escena<\/strong><\/h4>\n<p>A sala llena, al igual que en su anterior presentaci\u00f3n en enero, Andate Amor m\u00edo cautiv\u00f3 desde el principio, con muchas escenas graciosas. En esta oportunidad, Silvia Peyrou pudo ser la protagonista en el Teatro Antonio Lafalla, ya recuperada de su fractura.<\/p>\n<p><a href=\"https:\/\/vinasfm.com\/noticias\/wp-content\/uploads\/2023\/02\/MG_5671.jpg\"><img loading=\"lazy\" decoding=\"async\" class=\"wp-image-118479 aligncenter\" src=\"https:\/\/vinasfm.com\/noticias\/wp-content\/uploads\/2023\/02\/MG_5671.jpg\" alt=\"\" width=\"411\" height=\"231\" srcset=\"https:\/\/vinasfm.com\/noticias\/wp-content\/uploads\/2023\/02\/MG_5671.jpg 1920w, https:\/\/vinasfm.com\/noticias\/wp-content\/uploads\/2023\/02\/MG_5671-300x169.jpg 300w, https:\/\/vinasfm.com\/noticias\/wp-content\/uploads\/2023\/02\/MG_5671-1024x576.jpg 1024w, https:\/\/vinasfm.com\/noticias\/wp-content\/uploads\/2023\/02\/MG_5671-768x432.jpg 768w, https:\/\/vinasfm.com\/noticias\/wp-content\/uploads\/2023\/02\/MG_5671-1536x864.jpg 1536w, https:\/\/vinasfm.com\/noticias\/wp-content\/uploads\/2023\/02\/MG_5671-750x420.jpg 750w, https:\/\/vinasfm.com\/noticias\/wp-content\/uploads\/2023\/02\/MG_5671-1140x641.jpg 1140w\" sizes=\"auto, (max-width: 411px) 100vw, 411px\" \/><\/a><\/p>\n<p>La actriz principal remarc\u00f3 la presencia de un p\u00fablico maravilloso: <em><strong>\u201cPara nosotros es un placer ver que la gente la est\u00e1 disfrutando. Hemos compartido giras espectaculares los domingos, con la producci\u00f3n, que nos trajo a Mendoza. Me encanta esta Provincia por la gente y los lugares. Estuve un mes ocup\u00e1ndome de mi fractura, pude disfrutar paseos en auto y conocer bellos paisajes, este es un lugar para quedarse\u201d<\/strong><\/em>.<\/p>\n<p><a href=\"https:\/\/vinasfm.com\/noticias\/wp-content\/uploads\/2023\/02\/MG_5617.jpg\"><img loading=\"lazy\" decoding=\"async\" class=\"wp-image-118480 aligncenter\" src=\"https:\/\/vinasfm.com\/noticias\/wp-content\/uploads\/2023\/02\/MG_5617.jpg\" alt=\"\" width=\"428\" height=\"243\" srcset=\"https:\/\/vinasfm.com\/noticias\/wp-content\/uploads\/2023\/02\/MG_5617.jpg 1072w, https:\/\/vinasfm.com\/noticias\/wp-content\/uploads\/2023\/02\/MG_5617-300x170.jpg 300w, https:\/\/vinasfm.com\/noticias\/wp-content\/uploads\/2023\/02\/MG_5617-1024x581.jpg 1024w, https:\/\/vinasfm.com\/noticias\/wp-content\/uploads\/2023\/02\/MG_5617-768x436.jpg 768w\" sizes=\"auto, (max-width: 428px) 100vw, 428px\" \/><\/a><\/p>\n<p>Respecto al Teatro, Peyrou se\u00f1al\u00f3 que el Antonio Lafalla es hermoso, al igual que la gente que trabaja all\u00ed, las butacas son ideales para que la gente disfrute todo tipo de espect\u00e1culo.<\/p>\n<p><a href=\"https:\/\/vinasfm.com\/noticias\/wp-content\/uploads\/2023\/02\/MG_5679.jpg\"><img loading=\"lazy\" decoding=\"async\" class=\"wp-image-118481 aligncenter\" src=\"https:\/\/vinasfm.com\/noticias\/wp-content\/uploads\/2023\/02\/MG_5679.jpg\" alt=\"\" width=\"466\" height=\"262\" srcset=\"https:\/\/vinasfm.com\/noticias\/wp-content\/uploads\/2023\/02\/MG_5679.jpg 1920w, https:\/\/vinasfm.com\/noticias\/wp-content\/uploads\/2023\/02\/MG_5679-300x169.jpg 300w, https:\/\/vinasfm.com\/noticias\/wp-content\/uploads\/2023\/02\/MG_5679-1024x576.jpg 1024w, https:\/\/vinasfm.com\/noticias\/wp-content\/uploads\/2023\/02\/MG_5679-768x432.jpg 768w, https:\/\/vinasfm.com\/noticias\/wp-content\/uploads\/2023\/02\/MG_5679-1536x864.jpg 1536w, https:\/\/vinasfm.com\/noticias\/wp-content\/uploads\/2023\/02\/MG_5679-750x420.jpg 750w, https:\/\/vinasfm.com\/noticias\/wp-content\/uploads\/2023\/02\/MG_5679-1140x641.jpg 1140w\" sizes=\"auto, (max-width: 466px) 100vw, 466px\" \/><\/a><\/p>\n<p>Andate Amor m\u00edo seguir\u00e1 de gira en Buenos Aires.<em><strong> \u201cTrabajar desde Buenos Aires con elencos locales es muy lindo, ser\u00eda bueno ensamblar elencos con actores de todas las provincias, para mostrar talentos de todo el Pa\u00eds\u201d<\/strong><\/em>.<\/p>\n","protected":false},"excerpt":{"rendered":"<p>La obra de teatro del verano protagonizada por Germ\u00e1n Kraus y Silvia Peyrou, junto a un elenco de actores mendocinos, anoche &#8230;<\/p>\n","protected":false},"author":7,"featured_media":118478,"comment_status":"open","ping_status":"open","sticky":false,"template":"","format":"standard","meta":{"footnotes":""},"categories":[5,19],"tags":[],"class_list":["post-118476","post","type-post","status-publish","format-standard","has-post-thumbnail","hentry","category-actualidad","category-cultura"],"_links":{"self":[{"href":"https:\/\/vinasfm.com\/noticias\/wp-json\/wp\/v2\/posts\/118476","targetHints":{"allow":["GET"]}}],"collection":[{"href":"https:\/\/vinasfm.com\/noticias\/wp-json\/wp\/v2\/posts"}],"about":[{"href":"https:\/\/vinasfm.com\/noticias\/wp-json\/wp\/v2\/types\/post"}],"author":[{"embeddable":true,"href":"https:\/\/vinasfm.com\/noticias\/wp-json\/wp\/v2\/users\/7"}],"replies":[{"embeddable":true,"href":"https:\/\/vinasfm.com\/noticias\/wp-json\/wp\/v2\/comments?post=118476"}],"version-history":[{"count":2,"href":"https:\/\/vinasfm.com\/noticias\/wp-json\/wp\/v2\/posts\/118476\/revisions"}],"predecessor-version":[{"id":118523,"href":"https:\/\/vinasfm.com\/noticias\/wp-json\/wp\/v2\/posts\/118476\/revisions\/118523"}],"wp:featuredmedia":[{"embeddable":true,"href":"https:\/\/vinasfm.com\/noticias\/wp-json\/wp\/v2\/media\/118478"}],"wp:attachment":[{"href":"https:\/\/vinasfm.com\/noticias\/wp-json\/wp\/v2\/media?parent=118476"}],"wp:term":[{"taxonomy":"category","embeddable":true,"href":"https:\/\/vinasfm.com\/noticias\/wp-json\/wp\/v2\/categories?post=118476"},{"taxonomy":"post_tag","embeddable":true,"href":"https:\/\/vinasfm.com\/noticias\/wp-json\/wp\/v2\/tags?post=118476"}],"curies":[{"name":"wp","href":"https:\/\/api.w.org\/{rel}","templated":true}]}}