{"id":118458,"date":"2023-02-11T11:06:54","date_gmt":"2023-02-11T14:06:54","guid":{"rendered":"https:\/\/vinasfm.com\/noticias\/?p=118458"},"modified":"2023-02-13T11:08:09","modified_gmt":"2023-02-13T14:08:09","slug":"defensa-civil-emitio-una-alerta-por-granizo-y-lluvia-a-que-zonas-afectara","status":"publish","type":"post","link":"https:\/\/vinasfm.com\/noticias\/defensa-civil-emitio-una-alerta-por-granizo-y-lluvia-a-que-zonas-afectara\/","title":{"rendered":"DEFENSA CIVIL EMITI\u00d3 UNA ALERTA POR GRANIZO Y LLUVIA: A QU\u00c9 ZONAS AFECTAR\u00c1"},"content":{"rendered":"<h4><strong>La entidad destac\u00f3 que se espera una jornada inestable para este s\u00e1bado en la provincia.<\/strong><\/h4>\n<p>Si bien ser\u00e1 uno de los d\u00edas m\u00e1s calurosos de la semana, este s\u00e1bado por la ma\u00f1ana\u00a0<strong>Defensa Civil<\/strong>\u00a0emiti\u00f3 un alerta amarillo por probabilidad de granizo en algunas zonas de la provincia. Mientras que podr\u00eda haber lluvias\u00a0en el\u00a0<strong>Gran Mendoza.<\/strong><\/p>\n<p><a href=\"https:\/\/vinasfm.com\/noticias\/wp-content\/uploads\/2023\/02\/f768x1-1361817_1361944_80.jpg\"><img loading=\"lazy\" decoding=\"async\" class=\"wp-image-118460 aligncenter\" src=\"https:\/\/vinasfm.com\/noticias\/wp-content\/uploads\/2023\/02\/f768x1-1361817_1361944_80.jpg\" alt=\"\" width=\"600\" height=\"604\" srcset=\"https:\/\/vinasfm.com\/noticias\/wp-content\/uploads\/2023\/02\/f768x1-1361817_1361944_80.jpg 768w, https:\/\/vinasfm.com\/noticias\/wp-content\/uploads\/2023\/02\/f768x1-1361817_1361944_80-298x300.jpg 298w, https:\/\/vinasfm.com\/noticias\/wp-content\/uploads\/2023\/02\/f768x1-1361817_1361944_80-150x150.jpg 150w\" sizes=\"auto, (max-width: 600px) 100vw, 600px\" \/><\/a><\/p>\n<p><em><strong>&#8216;Jornada calurosa. Contin\u00faa la inestabilidad meteorol\u00f3gica con ingreso de frente Sur desde las 17 horas&#8217;<\/strong><\/em>, destacaron en primer lugar desde<strong>\u00a0Defensa Civil.<\/strong><\/p>\n<p>Y agregaron que se espera por <strong><em>&#8216;formaci\u00f3n de tormentas para Valle de Uco, General Alvear, San Rafael y zona Este. No se descarta la posibilidad de granizo a partir de las 20 en esos municipios&#8217;.<\/em><\/strong><\/p>\n<p>Por \u00faltimo destacaron que en el\u00a0<strong>Gran Mendoza\u00a0<\/strong>hay posibilidades de lluvias, pero sin ca\u00edda de granizo.<\/p>\n<p><em><strong>&#8216;A partir de las 19 hs. se espera el ingreso de un frente fr\u00edo desde el sector Sur, el cual presentar\u00eda vientos leves a moderados, que comenzar\u00edan a sentirte a partir de las 23 hs. en los departamentos del Sur y cerca de la madrugada en el Gran Mendoza.<\/strong> Est\u00e1 situaci\u00f3n de vientos leves a moderados se mantiene hasta la ma\u00f1ana del domingo&#8217;<\/em>, informaron.<\/p>\n","protected":false},"excerpt":{"rendered":"<p>La entidad destac\u00f3 que se espera una jornada inestable para este s\u00e1bado en la provincia. Si bien ser\u00e1 uno de los &#8230;<\/p>\n","protected":false},"author":7,"featured_media":118459,"comment_status":"open","ping_status":"open","sticky":false,"template":"","format":"standard","meta":{"footnotes":""},"categories":[1],"tags":[],"class_list":["post-118458","post","type-post","status-publish","format-standard","has-post-thumbnail","hentry","category-fmvinas"],"_links":{"self":[{"href":"https:\/\/vinasfm.com\/noticias\/wp-json\/wp\/v2\/posts\/118458","targetHints":{"allow":["GET"]}}],"collection":[{"href":"https:\/\/vinasfm.com\/noticias\/wp-json\/wp\/v2\/posts"}],"about":[{"href":"https:\/\/vinasfm.com\/noticias\/wp-json\/wp\/v2\/types\/post"}],"author":[{"embeddable":true,"href":"https:\/\/vinasfm.com\/noticias\/wp-json\/wp\/v2\/users\/7"}],"replies":[{"embeddable":true,"href":"https:\/\/vinasfm.com\/noticias\/wp-json\/wp\/v2\/comments?post=118458"}],"version-history":[{"count":1,"href":"https:\/\/vinasfm.com\/noticias\/wp-json\/wp\/v2\/posts\/118458\/revisions"}],"predecessor-version":[{"id":118461,"href":"https:\/\/vinasfm.com\/noticias\/wp-json\/wp\/v2\/posts\/118458\/revisions\/118461"}],"wp:featuredmedia":[{"embeddable":true,"href":"https:\/\/vinasfm.com\/noticias\/wp-json\/wp\/v2\/media\/118459"}],"wp:attachment":[{"href":"https:\/\/vinasfm.com\/noticias\/wp-json\/wp\/v2\/media?parent=118458"}],"wp:term":[{"taxonomy":"category","embeddable":true,"href":"https:\/\/vinasfm.com\/noticias\/wp-json\/wp\/v2\/categories?post=118458"},{"taxonomy":"post_tag","embeddable":true,"href":"https:\/\/vinasfm.com\/noticias\/wp-json\/wp\/v2\/tags?post=118458"}],"curies":[{"name":"wp","href":"https:\/\/api.w.org\/{rel}","templated":true}]}}