{"id":118456,"date":"2023-02-11T11:09:53","date_gmt":"2023-02-11T14:09:53","guid":{"rendered":"https:\/\/vinasfm.com\/noticias\/?p=118456"},"modified":"2023-02-13T11:39:56","modified_gmt":"2023-02-13T14:39:56","slug":"roxana-escudero-sobre-la-problematica-con-la-osep-siempre-hay-diferencias-con-los-afilia","status":"publish","type":"post","link":"https:\/\/vinasfm.com\/noticias\/roxana-escudero-sobre-la-problematica-con-la-osep-siempre-hay-diferencias-con-los-afilia\/","title":{"rendered":"ROXANA ESCUDERO SOBRE LA PROBLEM\u00c1TICA CON LA OSEP: &#8216;SIEMPRE HAY DIFERENCIAS CON LOS AFILIADOS"},"content":{"rendered":"<h4>Rodolfo Suarez\u00a0present\u00f3 un\u00a0proyecto\u00a0de ley en\u00a0la Legislatura para sanear la Obra Social de los Empleados P\u00fablicos (OSEP), que desde hace a\u00f1os cuenta con problemas financieros<\/h4>\n<p>De este modo la Diputada por el cuarto distrito Roxana Escudero habl\u00f3 acerca de la problem\u00e1tica que se ha generado con la Obra Social de Empleados P\u00fablicos en Mendoza (Osep) y las posibles soluciones que se est\u00e1n buscando para solucionar las irregularidades que est\u00e1n viviendo los afiliados.<\/p>\n<p>Respecto a esto dio detalles de lo que pedir\u00e1n en el pr\u00f3ximo plenario: <em><strong>&#8216;El martes abra un plenario con el director de Osep, Ministro de Hacienda, nosotros hemos presentado nuestro propio proyecto donde pedimos una tasa diferenciada para los afiliados del sur debido a las diferencias que siempre hay entre los del sur y norte, nosotros no tenemos prestadores propios como ellos debido a eso pedimos una tasa diferenciada de un 30% menos para nuestros afiliados ya que tienen muchas dificultades para llegar al norte actualmente no se cuenta con pediatras por ejemplo, algo tan b\u00e1sico, no hay convenio con el circulo odontol\u00f3gico por eso mismo pedimos esta tasa&#8217;<\/strong><\/em><\/p>\n<p>&nbsp;<\/p>\n","protected":false},"excerpt":{"rendered":"<p>Rodolfo Suarez\u00a0present\u00f3 un\u00a0proyecto\u00a0de ley en\u00a0la Legislatura para sanear la Obra Social de los Empleados P\u00fablicos (OSEP), que desde hace a\u00f1os cuenta &#8230;<\/p>\n","protected":false},"author":7,"featured_media":118463,"comment_status":"open","ping_status":"open","sticky":false,"template":"","format":"standard","meta":{"footnotes":""},"categories":[5,10],"tags":[],"class_list":["post-118456","post","type-post","status-publish","format-standard","has-post-thumbnail","hentry","category-actualidad","category-destacadas"],"_links":{"self":[{"href":"https:\/\/vinasfm.com\/noticias\/wp-json\/wp\/v2\/posts\/118456","targetHints":{"allow":["GET"]}}],"collection":[{"href":"https:\/\/vinasfm.com\/noticias\/wp-json\/wp\/v2\/posts"}],"about":[{"href":"https:\/\/vinasfm.com\/noticias\/wp-json\/wp\/v2\/types\/post"}],"author":[{"embeddable":true,"href":"https:\/\/vinasfm.com\/noticias\/wp-json\/wp\/v2\/users\/7"}],"replies":[{"embeddable":true,"href":"https:\/\/vinasfm.com\/noticias\/wp-json\/wp\/v2\/comments?post=118456"}],"version-history":[{"count":3,"href":"https:\/\/vinasfm.com\/noticias\/wp-json\/wp\/v2\/posts\/118456\/revisions"}],"predecessor-version":[{"id":118471,"href":"https:\/\/vinasfm.com\/noticias\/wp-json\/wp\/v2\/posts\/118456\/revisions\/118471"}],"wp:featuredmedia":[{"embeddable":true,"href":"https:\/\/vinasfm.com\/noticias\/wp-json\/wp\/v2\/media\/118463"}],"wp:attachment":[{"href":"https:\/\/vinasfm.com\/noticias\/wp-json\/wp\/v2\/media?parent=118456"}],"wp:term":[{"taxonomy":"category","embeddable":true,"href":"https:\/\/vinasfm.com\/noticias\/wp-json\/wp\/v2\/categories?post=118456"},{"taxonomy":"post_tag","embeddable":true,"href":"https:\/\/vinasfm.com\/noticias\/wp-json\/wp\/v2\/tags?post=118456"}],"curies":[{"name":"wp","href":"https:\/\/api.w.org\/{rel}","templated":true}]}}