{"id":118452,"date":"2023-02-11T11:28:33","date_gmt":"2023-02-11T14:28:33","guid":{"rendered":"https:\/\/vinasfm.com\/noticias\/?p=118452"},"modified":"2023-02-13T12:18:14","modified_gmt":"2023-02-13T15:18:14","slug":"la-fiesta-del-cine-llega-a-general-alvear","status":"publish","type":"post","link":"https:\/\/vinasfm.com\/noticias\/la-fiesta-del-cine-llega-a-general-alvear\/","title":{"rendered":"LA FIESTA DEL CINE LLEGA A GENERAL ALVEAR"},"content":{"rendered":"<h4><strong>Este domingo 12 de febrero hasta el 14 de febrero, comienza la\u00a0<em>Fiesta del Cine<\/em>, un evento en donde m\u00e1s de 600 salas\u00a0de\u00a0cine\u00a0de Argentina participan.<\/strong><\/h4>\n<p>Las entradas para pel\u00edculas 2D y 3D, s\u00f3lo por esos d\u00edas, estar\u00e1n a un precio de $450.<\/p>\n<aside class=\"htmlinline\">\n<div id=\"div-gpt-ad-entreparrafos(1)\" data-google-query-id=\"CP-_ncCRi_0CFTAbuQYdF9MP6g\">Para conseguir entradas de forma anticipada, se debe ingresar a la p\u00e1gina\u00a0<a href=\"https:\/\/fiestadelcine.com.ar\/\" target=\"_blank\" rel=\"noopener\">Fiesta del Cine<\/a>, donde se pueden observar\u00a0diversos \u00edconos de los diferentes cines que hay en todo el pa\u00eds. Tambi\u00e9n se pueden adquirir de forma presencial en las boleter\u00edas de las salas adheridas.<\/div>\n<\/aside>\n<div data-google-query-id=\"CP-_ncCRi_0CFTAbuQYdF9MP6g\"><\/div>\n<div data-google-query-id=\"CP-_ncCRi_0CFTAbuQYdF9MP6g\">Es una iniciativa por parte de diferentes actores, el Ministerio de Cultura, el Instituto Nacional de Cine y Artes Audiovisuales, ministerios y secretarias de diversas provincias y municipios del pa\u00eds, y distribuidoras y empresas exhibidoras de pel\u00edculas. El fin del festival es\u00a0fortalecer la presencia y el acceso del p\u00fablico a las salas de\u00a0cine.<\/div>\n<div data-google-query-id=\"CP-_ncCRi_0CFTAbuQYdF9MP6g\"><\/div>\n<div data-google-query-id=\"CP-_ncCRi_0CFTAbuQYdF9MP6g\">Por su parte, la Directora de Cultura Liana Piedrafita dijo,<em><strong> &#8216;las productoras de cine armaron esta fiesta, nosotros solo vamos a aplicarla el domingo 14 con la pel\u00edcula que tenemos en cartelera&#8217;.\u00a0<\/strong><\/em>Adem\u00e1s, este fin de semana, la cartelera del Antonio Lafalla ofrece pel\u00edculas para todos los gustos: este s\u00e1bado <strong><em>\u00ab1982 La Gesta\u00bb<\/em><\/strong> a las 20:00, el domingo\u00a0<strong><em> \u00abTitanic en 3D\u00bb<\/em><\/strong> a las 17:00 y <strong><em>\u00abLlaman a la puerta\u00bb<\/em><\/strong> a las 21:15.<\/div>\n<div data-google-query-id=\"CP-_ncCRi_0CFTAbuQYdF9MP6g\"><\/div>\n","protected":false},"excerpt":{"rendered":"<p>Este domingo 12 de febrero hasta el 14 de febrero, comienza la\u00a0Fiesta del Cine, un evento en donde m\u00e1s de 600 &#8230;<\/p>\n","protected":false},"author":7,"featured_media":118468,"comment_status":"open","ping_status":"open","sticky":false,"template":"","format":"standard","meta":{"footnotes":""},"categories":[5,19],"tags":[],"class_list":["post-118452","post","type-post","status-publish","format-standard","has-post-thumbnail","hentry","category-actualidad","category-cultura"],"_links":{"self":[{"href":"https:\/\/vinasfm.com\/noticias\/wp-json\/wp\/v2\/posts\/118452","targetHints":{"allow":["GET"]}}],"collection":[{"href":"https:\/\/vinasfm.com\/noticias\/wp-json\/wp\/v2\/posts"}],"about":[{"href":"https:\/\/vinasfm.com\/noticias\/wp-json\/wp\/v2\/types\/post"}],"author":[{"embeddable":true,"href":"https:\/\/vinasfm.com\/noticias\/wp-json\/wp\/v2\/users\/7"}],"replies":[{"embeddable":true,"href":"https:\/\/vinasfm.com\/noticias\/wp-json\/wp\/v2\/comments?post=118452"}],"version-history":[{"count":2,"href":"https:\/\/vinasfm.com\/noticias\/wp-json\/wp\/v2\/posts\/118452\/revisions"}],"predecessor-version":[{"id":118467,"href":"https:\/\/vinasfm.com\/noticias\/wp-json\/wp\/v2\/posts\/118452\/revisions\/118467"}],"wp:featuredmedia":[{"embeddable":true,"href":"https:\/\/vinasfm.com\/noticias\/wp-json\/wp\/v2\/media\/118468"}],"wp:attachment":[{"href":"https:\/\/vinasfm.com\/noticias\/wp-json\/wp\/v2\/media?parent=118452"}],"wp:term":[{"taxonomy":"category","embeddable":true,"href":"https:\/\/vinasfm.com\/noticias\/wp-json\/wp\/v2\/categories?post=118452"},{"taxonomy":"post_tag","embeddable":true,"href":"https:\/\/vinasfm.com\/noticias\/wp-json\/wp\/v2\/tags?post=118452"}],"curies":[{"name":"wp","href":"https:\/\/api.w.org\/{rel}","templated":true}]}}