{"id":118448,"date":"2023-02-10T10:47:13","date_gmt":"2023-02-10T13:47:13","guid":{"rendered":"https:\/\/vinasfm.com\/noticias\/?p=118448"},"modified":"2023-02-13T10:38:30","modified_gmt":"2023-02-13T13:38:30","slug":"vid-la-peor-cosecha-de-los-ultimos-50-anos","status":"publish","type":"post","link":"https:\/\/vinasfm.com\/noticias\/vid-la-peor-cosecha-de-los-ultimos-50-anos\/","title":{"rendered":"VID: LA PEOR COSECHA DE LOS \u00daLTIMOS 50 A\u00d1OS"},"content":{"rendered":"<h4 class=\"news-headline__article-summary\"><strong>Las heladas tard\u00edas y el granizo golpearon fuerte en la vid y desde la CIAT de Tunuy\u00e1n se mostraron preocupados por la situaci\u00f3n<\/strong><\/h4>\n<article class=\"article-body article-body--first-paragraph\">Las heladas que afectaron los cultivos en general, impact\u00f3 particularmente a la\u00a0<strong><a href=\"https:\/\/www.sitioandino.com.ar\/vid-a5427\" target=\"_blank\" rel=\"follow noopener\">vid<\/a>.<\/strong>\u00a0Seg\u00fan los reportes oficiales se estima que ser\u00e1\u00a0<strong>la peor cosecha de los \u00faltimos 50 a\u00f1os<\/strong>.\u00a0<em>Andino TV<\/em>\u00a0dialog\u00f3 con el productor y vicepresidente de la C\u00e1mara de Comercio, Industria, Agricultura y Turismo (CIAT) de Tunuy\u00e1n,\u00a0Carlos D\u00e1vila, quien dio detalles de la situaci\u00f3n que atraviesa el Valle de Uco.<\/article>\n<article class=\"article-body article-body--second-paragraph\">Uno de los conflictos habituales en esta parte del a\u00f1o es el que tiene que ver con\u00a0<strong>el precio de la uva.\u00a0<\/strong>Productores e industriales debaten cual debe ser el importe razonable, teniendo en cuenta el valor final del producto puesto en g\u00f3ndola.<\/article>\n<article class=\"article-body article-body--second-paragraph\">\u201cEl rendimiento de las vides en el Valle de Uco es de 10 mil kilogramos por hect\u00e1reas promedio, y se destinan a la elaboraci\u00f3n de vinos de alta gama, por consiguiente, estimamos que un precio razonable\u00a0<strong>deber\u00eda ser de no menos de 300 pesos por kilo<\/strong>\u00ab, sostuvo D\u00e1vila.\u00a0<\/article>\n","protected":false},"excerpt":{"rendered":"<p>Las heladas tard\u00edas y el granizo golpearon fuerte en la vid y desde la CIAT de Tunuy\u00e1n se mostraron preocupados por &#8230;<\/p>\n","protected":false},"author":7,"featured_media":118449,"comment_status":"open","ping_status":"open","sticky":false,"template":"","format":"standard","meta":{"footnotes":""},"categories":[5,14],"tags":[],"class_list":["post-118448","post","type-post","status-publish","format-standard","has-post-thumbnail","hentry","category-actualidad","category-agro"],"_links":{"self":[{"href":"https:\/\/vinasfm.com\/noticias\/wp-json\/wp\/v2\/posts\/118448","targetHints":{"allow":["GET"]}}],"collection":[{"href":"https:\/\/vinasfm.com\/noticias\/wp-json\/wp\/v2\/posts"}],"about":[{"href":"https:\/\/vinasfm.com\/noticias\/wp-json\/wp\/v2\/types\/post"}],"author":[{"embeddable":true,"href":"https:\/\/vinasfm.com\/noticias\/wp-json\/wp\/v2\/users\/7"}],"replies":[{"embeddable":true,"href":"https:\/\/vinasfm.com\/noticias\/wp-json\/wp\/v2\/comments?post=118448"}],"version-history":[{"count":3,"href":"https:\/\/vinasfm.com\/noticias\/wp-json\/wp\/v2\/posts\/118448\/revisions"}],"predecessor-version":[{"id":118492,"href":"https:\/\/vinasfm.com\/noticias\/wp-json\/wp\/v2\/posts\/118448\/revisions\/118492"}],"wp:featuredmedia":[{"embeddable":true,"href":"https:\/\/vinasfm.com\/noticias\/wp-json\/wp\/v2\/media\/118449"}],"wp:attachment":[{"href":"https:\/\/vinasfm.com\/noticias\/wp-json\/wp\/v2\/media?parent=118448"}],"wp:term":[{"taxonomy":"category","embeddable":true,"href":"https:\/\/vinasfm.com\/noticias\/wp-json\/wp\/v2\/categories?post=118448"},{"taxonomy":"post_tag","embeddable":true,"href":"https:\/\/vinasfm.com\/noticias\/wp-json\/wp\/v2\/tags?post=118448"}],"curies":[{"name":"wp","href":"https:\/\/api.w.org\/{rel}","templated":true}]}}