{"id":118441,"date":"2023-02-10T10:22:58","date_gmt":"2023-02-10T13:22:58","guid":{"rendered":"https:\/\/vinasfm.com\/noticias\/?p=118441"},"modified":"2023-02-13T09:37:47","modified_gmt":"2023-02-13T12:37:47","slug":"el-gobierno-amplio-la-emergencia-agropecuaria-por-las-heladas","status":"publish","type":"post","link":"https:\/\/vinasfm.com\/noticias\/el-gobierno-amplio-la-emergencia-agropecuaria-por-las-heladas\/","title":{"rendered":"EL GOBIERNO AMPLI\u00d3 LA EMERGENCIA AGROPECUARIA POR LAS HELADAS"},"content":{"rendered":"<h4><strong>Se incluyeron distritos de cuatro departamentos de la provincia.<\/strong><\/h4>\n<p>El gobierno provincial ampli\u00f3 el estado de emergencia agropecuaria y el estado de desastre agropecuario por efecto de las heladas tard\u00edas.<\/p>\n<p>La ampliaci\u00f3n dispuesta a trav\u00e9s del decreto 137, prev\u00e9 las zonas rurales que han sufrido un da\u00f1o del 50% y hasta 79% de su producci\u00f3n por efecto de las heladas tard\u00edas parciales. Y las que tuvieron da\u00f1os de m\u00e1s del 80%.<\/p>\n<p>En la normativa se incluyeron distritos de Tunuy\u00e1n, Tupungato, Las Heras y Lavelle, algunos en emergencia agropecuaria y otros en estado de desastre.<\/p>\n<p>En tanto, en noviembre, la Provincia declar\u00f3 el estado de emergencia a trav\u00e9s del decreto 1975 en los predios rurales que hayan sufrido p\u00e9rdidas de significaci\u00f3n en sus cultivos, sobre la base de las denuncias formuladas por los productores y las verificaciones t\u00e9cnicas realizadas por la Direcci\u00f3n de Contingencias Clim\u00e1ticas.<\/p>\n<p>De este modo, todos los productores que sufrieron da\u00f1os en sus cultivos, previa denuncia,\u00a0pod\u00edan acceder a una bater\u00eda de beneficios que se activan de manera autom\u00e1tica. La medida alcanza a 135 distritos, distribuidos en 15 departamentos de la provincia.<\/p>\n<p>En enero, el gobierno nacional declar\u00f3 tambi\u00e9n el estado de emergencia agropecuaria por las heladas tard\u00edas. \u00a0La medida rige del 1\u00b0 de diciembre de 2022 al 31 de marzo de 2024 en 135 distritos de 15 departamentos.<\/p>\n<p>En ese caso, la asistencia para las zonas en emergencia contempla, por un lado, la\u00a0pr\u00f3rroga del vencimiento del pago de impuestos\u00a0que graven el patrimonio, capitales o ganancias de las explotaciones afectadas. Asimismo, la<strong>\u00a0suspensi\u00f3n del inicio de juicios de ejecuci\u00f3n fiscal para el cobro de impuestos adeudados<\/strong>; y en caso de que ya estuviera iniciado, deber\u00e1 paralizarse.<\/p>\n","protected":false},"excerpt":{"rendered":"<p>Se incluyeron distritos de cuatro departamentos de la provincia. El gobierno provincial ampli\u00f3 el estado de emergencia agropecuaria y el estado &#8230;<\/p>\n","protected":false},"author":7,"featured_media":118442,"comment_status":"open","ping_status":"open","sticky":false,"template":"","format":"standard","meta":{"footnotes":""},"categories":[5,14],"tags":[],"class_list":["post-118441","post","type-post","status-publish","format-standard","has-post-thumbnail","hentry","category-actualidad","category-agro"],"_links":{"self":[{"href":"https:\/\/vinasfm.com\/noticias\/wp-json\/wp\/v2\/posts\/118441","targetHints":{"allow":["GET"]}}],"collection":[{"href":"https:\/\/vinasfm.com\/noticias\/wp-json\/wp\/v2\/posts"}],"about":[{"href":"https:\/\/vinasfm.com\/noticias\/wp-json\/wp\/v2\/types\/post"}],"author":[{"embeddable":true,"href":"https:\/\/vinasfm.com\/noticias\/wp-json\/wp\/v2\/users\/7"}],"replies":[{"embeddable":true,"href":"https:\/\/vinasfm.com\/noticias\/wp-json\/wp\/v2\/comments?post=118441"}],"version-history":[{"count":1,"href":"https:\/\/vinasfm.com\/noticias\/wp-json\/wp\/v2\/posts\/118441\/revisions"}],"predecessor-version":[{"id":118443,"href":"https:\/\/vinasfm.com\/noticias\/wp-json\/wp\/v2\/posts\/118441\/revisions\/118443"}],"wp:featuredmedia":[{"embeddable":true,"href":"https:\/\/vinasfm.com\/noticias\/wp-json\/wp\/v2\/media\/118442"}],"wp:attachment":[{"href":"https:\/\/vinasfm.com\/noticias\/wp-json\/wp\/v2\/media?parent=118441"}],"wp:term":[{"taxonomy":"category","embeddable":true,"href":"https:\/\/vinasfm.com\/noticias\/wp-json\/wp\/v2\/categories?post=118441"},{"taxonomy":"post_tag","embeddable":true,"href":"https:\/\/vinasfm.com\/noticias\/wp-json\/wp\/v2\/tags?post=118441"}],"curies":[{"name":"wp","href":"https:\/\/api.w.org\/{rel}","templated":true}]}}