{"id":118433,"date":"2023-02-10T10:02:11","date_gmt":"2023-02-10T13:02:11","guid":{"rendered":"https:\/\/vinasfm.com\/noticias\/?p=118433"},"modified":"2023-02-11T11:29:42","modified_gmt":"2023-02-11T14:29:42","slug":"por-los-incendios-en-el-vecino-pais-debieron-suspender-el-encuentro-argentino-chileno-paso-pehuenche","status":"publish","type":"post","link":"https:\/\/vinasfm.com\/noticias\/por-los-incendios-en-el-vecino-pais-debieron-suspender-el-encuentro-argentino-chileno-paso-pehuenche\/","title":{"rendered":"POR LOS INCENDIOS EN EL VECINO PA\u00cdS DEBIERON SUSPENDER EL ENCUENTRO ARGENTINO-CHILENO PASO PEHUENCHE"},"content":{"rendered":"<h4><strong>Como inform\u00f3 nuestro diario, Chile se encuentra en una situaci\u00f3n cr\u00edtica debido a los m\u00faltiples incendios que afectan su territorio, por lo que el encuentro que se iba a realizar el 18 y 19 de febrero Argentino-Chileno Paso Pehuenche ha sido suspendido. Sobre ello Floridor Gonz\u00e1lez Villaroel, dialog\u00f3 c\u00f3nsul honorario del pa\u00eds trasandino en el sur mendocino.<\/strong><\/h4>\n<p>El encuentro Argentino-Chileno Paso Pehuenche es un evento de confraternidad al que concurren al menos 10 mil personas, siendo un claro ejemplo de <strong>\u201camistad entre ambos pueblos\u201d<\/strong>. No obstante, debido a la cr\u00edtica situaci\u00f3n que atraviesa Chile, el encuentro debi\u00f3 suspenderse.<strong><em> &#8216;El martes a las 17 me comuniqu\u00e9 con la alcaldesa de San Clemente, con Mar\u00eda In\u00e9s Sep\u00falveda, quien me inform\u00f3 que est\u00e1n en una situaci\u00f3n muy dura y con un alerta roja para este fin de semana, lo que implica que todos los servicios de bomberos, ambulancias, carabineros, tienen que estar supeditados a la emergencia nacional que es producto del incendio, as\u00ed que lamentablemente hemos tenido que suspenderlo hasta nuevo aviso y ser\u00e1 en el mejor de los casos a mediados de marzo, ya que el 25 tenemos Planch\u00f3n \u2013 Vergara y el 11 de marzo tenemos el Paso Las Damas, mientras que el 5 tenemos la Vendimia en Mendoza, por lo que hay una agenda bastante cargada&#8217;,<\/em><\/strong> advirti\u00f3.<\/p>\n<p>Lament\u00f3 que los incendios son parte de <strong><em>&#8216;una situaci\u00f3n muy dura, con un cambio clim\u00e1tico que indudablemente afecta a todo el mundo&#8217;.<\/em> <em>&#8216;En el caso de nosotros es terrible. Tenemos m\u00e1s de 300 focos de incendio en todo el pa\u00eds (Chile), tenemos m\u00e1s de 20 muertos ya, m\u00e1s 200 mil hect\u00e1reas arrasadas por el fuego con lo que significa esta p\u00e9rdida de materia. Por suerte hay solidaridad de varios pa\u00edses, entre ellos yo destaco a Argentina y destaco tambi\u00e9n a Estados Unidos que ha enviado un avi\u00f3n especial tanque, que levanta 36.000 litros de agua en forma inmediata (en 10 minutos est\u00e1 cargado), tratando de pelear con esta situaci\u00f3n que es muy dura&#8217;<\/em><\/strong>, dijo.<\/p>\n<p>Los incendios no s\u00f3lo son en el sur, en la Araucan\u00eda, sino que se han trasladado a la zona central, a la zona de la regi\u00f3n del Maule que es colindante con la provincia de Mendoza.<\/p>\n<p>Las altas temperaturas representan graves problemas para todo el mundo y desgraciadamente se sumas a la sequ\u00eda reinante.<\/p>\n","protected":false},"excerpt":{"rendered":"<p>Como inform\u00f3 nuestro diario, Chile se encuentra en una situaci\u00f3n cr\u00edtica debido a los m\u00faltiples incendios que afectan su territorio, por &#8230;<\/p>\n","protected":false},"author":7,"featured_media":118435,"comment_status":"open","ping_status":"open","sticky":false,"template":"","format":"standard","meta":{"footnotes":""},"categories":[5,10],"tags":[],"class_list":["post-118433","post","type-post","status-publish","format-standard","has-post-thumbnail","hentry","category-actualidad","category-destacadas"],"_links":{"self":[{"href":"https:\/\/vinasfm.com\/noticias\/wp-json\/wp\/v2\/posts\/118433","targetHints":{"allow":["GET"]}}],"collection":[{"href":"https:\/\/vinasfm.com\/noticias\/wp-json\/wp\/v2\/posts"}],"about":[{"href":"https:\/\/vinasfm.com\/noticias\/wp-json\/wp\/v2\/types\/post"}],"author":[{"embeddable":true,"href":"https:\/\/vinasfm.com\/noticias\/wp-json\/wp\/v2\/users\/7"}],"replies":[{"embeddable":true,"href":"https:\/\/vinasfm.com\/noticias\/wp-json\/wp\/v2\/comments?post=118433"}],"version-history":[{"count":1,"href":"https:\/\/vinasfm.com\/noticias\/wp-json\/wp\/v2\/posts\/118433\/revisions"}],"predecessor-version":[{"id":118436,"href":"https:\/\/vinasfm.com\/noticias\/wp-json\/wp\/v2\/posts\/118433\/revisions\/118436"}],"wp:featuredmedia":[{"embeddable":true,"href":"https:\/\/vinasfm.com\/noticias\/wp-json\/wp\/v2\/media\/118435"}],"wp:attachment":[{"href":"https:\/\/vinasfm.com\/noticias\/wp-json\/wp\/v2\/media?parent=118433"}],"wp:term":[{"taxonomy":"category","embeddable":true,"href":"https:\/\/vinasfm.com\/noticias\/wp-json\/wp\/v2\/categories?post=118433"},{"taxonomy":"post_tag","embeddable":true,"href":"https:\/\/vinasfm.com\/noticias\/wp-json\/wp\/v2\/tags?post=118433"}],"curies":[{"name":"wp","href":"https:\/\/api.w.org\/{rel}","templated":true}]}}